
{"id":1003,"date":"2008-12-14T19:56:44","date_gmt":"2008-12-14T21:56:44","guid":{"rendered":"http:\/\/reinaldo.pro.br\/blog\/?p=1003"},"modified":"2008-12-14T19:58:01","modified_gmt":"2008-12-14T21:58:01","slug":"desafio-21-dias-2008-10-calendario-2009","status":"publish","type":"post","link":"https:\/\/www.reinaldo.pro.br\/blog\/2008\/12\/14\/desafio-21-dias-2008-10-calendario-2009\/","title":{"rendered":"Desafio 21 Dias 2008 #10 &#8211; Calend\u00e1rio 2009."},"content":{"rendered":"<h4>Ufa! Quase no fim&#8230;<\/h4>\n<p style=\"text-align: center;\"><img src=\"http:\/\/farm4.static.flickr.com\/3019\/2486644565_3924b2bd76.jpg\" border=\"0\" alt=\"Calendar Close Up\" \/><br \/>\n<small><a title=\"Attribution-NonCommercial-NoDerivs License\" href=\"http:\/\/creativecommons.org\/licenses\/by-nc-nd\/2.0\/\" target=\"_blank\"><img loading=\"lazy\" src=\"http:\/\/reinaldo.pro.br\/blog\/wp-content\/plugins\/photo-dropper\/images\/cc.png\" border=\"0\" alt=\"Creative Commons License\" width=\"16\" height=\"16\" align=\"absmiddle\" \/><\/a> <a href=\"http:\/\/www.photodropper.com\/photos\/\" target=\"_blank\">photo<\/a> credit: <a title=\"iheartlinen\" href=\"http:\/\/www.flickr.com\/photos\/92868140@N00\/2486644565\/\" target=\"_blank\">iheartlinen<\/a><\/small><\/p>\n<p>Chegamos ao \u00faltimo <a href=\"http:\/\/blosque.com\/desafio-21-dias-edicao-2008\" target=\"_blank\">desafio<\/a>, a tarefa \u00e9&#8230;<\/p>\n<blockquote><p>[&#8230;] O <a title=\"Desafio 21 Dias 2008 - Calend\u00e1rio 2009\" href=\"http:\/\/blosque.com\/2008\/12\/desafio-21-dias-2008-calendario-2009.html\" target=\"_blank\">\u00faltimo desafio da Edi\u00e7\u00e3o 2008 \u00e9 <strong style=\"color: #800000;\">criar seu Calend\u00e1rio Blogueiro 2009.<\/strong><\/a> [&#8230;]<\/p><\/blockquote>\n<p>Coloquei alguns temas que considero interessante pesquisar e comentar a respeito aqui no blog.<\/p>\n<p>Ent\u00e3o vamos l\u00e1:<\/p>\n<ul>\n<li><strong>Janeiro:<\/strong> F\u00e9rias;<\/li>\n<li><strong>Fevereiro:<\/strong> Carnaval;<\/li>\n<li><strong>Mar\u00e7o:<\/strong> Consumo consciente;<\/li>\n<li><strong>Abril:<\/strong> Combate ao C\u00e2ncer;<\/li>\n<li><strong>Maio:<\/strong> Dia das m\u00e3es;<\/li>\n<li><strong>Junho:<\/strong> Festas juninas;<\/li>\n<li><strong>Julho:<\/strong> Preven\u00e7\u00e3o de acidentes de Trabalho;<\/li>\n<li><strong>Agosto:<\/strong> Blog Day;<\/li>\n<li><strong>Setembro:<\/strong> Publicidade;<\/li>\n<li><strong>Outubro:<\/strong> Oktoberfest e festas de outubro de Santa Catarina;<\/li>\n<li><strong>Novembro:<\/strong> Doa\u00e7\u00e3o de sangue;<\/li>\n<li><strong>Dezembro:<\/strong> Desafio 21 Dias 2009. \ud83d\ude09<\/li>\n<li><strong>Data n\u00e3o definida:<\/strong> Quando a nova norma culta da L\u00edngua Portuguesa entrar\u00e1 em vigor.<\/li>\n<\/ul>\n<p>\ud83d\udca1 Claro que a pauta pode ter outros assuntos diferentes e se algu\u00e9m quiser sugerir mais algum assunto, fique a vontade. \ud83d\ude09<\/p>\n","protected":false},"excerpt":{"rendered":"<p>Ufa! Quase no fim&#8230;<\/p>\n<p>Chegamos ao \u00faltimo desafio, a tarefa \u00e9&#8230;<br \/>\n <a href=\"https:\/\/www.reinaldo.pro.br\/blog\/2008\/12\/14\/desafio-21-dias-2008-10-calendario-2009\/\">Continue reading <span class=\"meta-nav\">&rarr;<\/span><\/a><\/p>\n","protected":false},"author":1,"featured_media":0,"comment_status":"open","ping_status":"open","sticky":false,"template":"","format":"standard","meta":[],"categories":[149],"tags":[300,651,920,652,682],"_links":{"self":[{"href":"https:\/\/www.reinaldo.pro.br\/blog\/wp-json\/wp\/v2\/posts\/1003"}],"collection":[{"href":"https:\/\/www.reinaldo.pro.br\/blog\/wp-json\/wp\/v2\/posts"}],"about":[{"href":"https:\/\/www.reinaldo.pro.br\/blog\/wp-json\/wp\/v2\/types\/post"}],"author":[{"embeddable":true,"href":"https:\/\/www.reinaldo.pro.br\/blog\/wp-json\/wp\/v2\/users\/1"}],"replies":[{"embeddable":true,"href":"https:\/\/www.reinaldo.pro.br\/blog\/wp-json\/wp\/v2\/comments?post=1003"}],"version-history":[{"count":0,"href":"https:\/\/www.reinaldo.pro.br\/blog\/wp-json\/wp\/v2\/posts\/1003\/revisions"}],"wp:attachment":[{"href":"https:\/\/www.reinaldo.pro.br\/blog\/wp-json\/wp\/v2\/media?parent=1003"}],"wp:term":[{"taxonomy":"category","embeddable":true,"href":"https:\/\/www.reinaldo.pro.br\/blog\/wp-json\/wp\/v2\/categories?post=1003"},{"taxonomy":"post_tag","embeddable":true,"href":"https:\/\/www.reinaldo.pro.br\/blog\/wp-json\/wp\/v2\/tags?post=1003"}],"curies":[{"name":"wp","href":"https:\/\/api.w.org\/{rel}","templated":true}]}}