
{"id":1074,"date":"2009-01-14T23:14:48","date_gmt":"2009-01-15T01:14:48","guid":{"rendered":"http:\/\/reinaldo.pro.br\/blog\/?p=1074"},"modified":"2009-01-14T23:15:45","modified_gmt":"2009-01-15T01:15:45","slug":"cafe-alucinante","status":"publish","type":"post","link":"https:\/\/www.reinaldo.pro.br\/blog\/2009\/01\/14\/cafe-alucinante\/","title":{"rendered":"Caf\u00e9 alucinante&#8230;"},"content":{"rendered":"<h4>Hummm adoro caf\u00e9!<\/h4>\n<p style=\"text-align: center;\"><img src=\"http:\/\/farm2.static.flickr.com\/1030\/1159867463_2c6e5fb24d.jpg\" border=\"0\" alt=\"cafe de colombia\" \/><br \/>\n<small><a title=\"Attribution-NonCommercial-ShareAlike License\" href=\"http:\/\/creativecommons.org\/licenses\/by-nc-sa\/2.0\/\" target=\"_blank\"><img loading=\"lazy\" src=\"http:\/\/reinaldo.pro.br\/blog\/wp-content\/plugins\/photo-dropper\/images\/cc.png\" border=\"0\" alt=\"Creative Commons License\" width=\"16\" height=\"16\" align=\"absmiddle\" \/><\/a> <a href=\"http:\/\/www.photodropper.com\/photos\/\" target=\"_blank\">photo<\/a> credit: <a title=\"Hectormesa\" href=\"http:\/\/www.flickr.com\/photos\/9258358@N06\/1159867463\/\" target=\"_blank\">Hectormesa<\/a><\/small><\/p>\n<p>Heheheh, acabei de comentar que estava <a title=\"Mapa da Cidade de S\u00e3o Paulo e Girafas na minha mente\u2026\" href=\"http:\/\/reinaldo.pro.br\/blog\/2009\/01\/13\/mapa-da-cidade-de-sao-paulo-e-girafas-na-minha-mente\/\" target=\"_self\">vendo uma girafa no mapa da cidade de S\u00e3o Paulo<\/a> quando li uma reportagem sobre um estudo que pode comprovar as minhas <span style=\"text-decoration: line-through;\">alucina\u00e7\u00f5es<\/span> vis\u00f5es, hehehe&#8230;<\/p>\n<p>O fato \u00e9 que gosto muito de tomar caf\u00e9, as vezes exagero um pouco,\u00a0 e a pesquisa feita na Gr\u00e3-Bretanha com resultados preliminares descobriu que, quem bebe quantidades excessivas de caf\u00e9 tem uma tend\u00eancia maior de ter alucina\u00e7\u00f5es&#8230; \ud83d\ude2f<\/p>\n<p>A pesquisa sugere que pessoas que bebem mais de sete x\u00edcaras de caf\u00e9 por dia <strong>aumentam em tr\u00eas vezes <\/strong>as chances de ter alucina\u00e7\u00f5es, &#8220;ouvir&#8221; vozes ou at\u00e9 &#8220;sentir&#8221; a presen\u00e7as de pessoas que j\u00e1 morreram, uau! que medo&#8230; \ud83d\ude2f<\/p>\n<p>Da reportagem da BBC:<\/p>\n<blockquote><p>[&#8230;] Segundo o l\u00edder do estudo, Simon Jones, &#8220;alucina\u00e7\u00f5es n\u00e3o s\u00e3o necessariamente um sinal de doen\u00e7a mental (&#8230;) A maioria das pessoas tem experi\u00eancias breves de ouvir vozes quando n\u00e3o h\u00e1 ningu\u00e9m presente e cerca de 3% ouvem tais vozes regularmente&#8221;. Mas o trabalho cient\u00edfico sugeriu que o risco de isso acontecer aumenta com o alto consumo de caf\u00e9 e outras fontes de cafe\u00edna. [&#8230;]<\/p><\/blockquote>\n<p><strong>O que causa esse &#8220;barato&#8221;?!<\/strong> O tal do <strong>Cortisol<\/strong>! Segundo a reportagem:<\/p>\n<blockquote><p>[&#8230;] Os pesquisadores atribuem os resultados de sua pesquisa, feita com 200 estudantes, ao fato de que o caf\u00e9 pode levar a um aumento da produ\u00e7\u00e3o de um horm\u00f4nio chamado cortisol.<\/p>\n<p>A cafe\u00edna aumenta os efeitos fisiol\u00f3gicos do estresse e, nesse estado, o corpo libera cortisol. Uma concentra\u00e7\u00e3o mais alta da subst\u00e2ncia no organismo pode fazer com que uma pessoa escute vozes n\u00e3o existentes.<\/p>\n<p>Os cientistas dizem que esperam que a descoberta contribua para um melhor entendimento do efeito da nutri\u00e7\u00e3o sobre alucina\u00e7\u00f5es. [&#8230;]<\/p><\/blockquote>\n<p><strong>Que doideira n\u00e9!? \ud83d\ude09<\/strong><\/p>\n<h5>Fonte: BBCBrasil: &#8220;<a title=\"Excesso de caf\u00e9 pode causar alucina\u00e7\u00f5es, sugere estudo\" href=\"http:\/\/www.bbc.co.uk\/portuguese\/reporterbbc\/story\/2009\/01\/090114_cafe_vozes.shtml\" target=\"_blank\">Excesso de caf\u00e9 pode causar alucina\u00e7\u00f5es, sugere estudo<\/a>&#8220;<\/h5><\/p>\n","protected":false},"excerpt":{"rendered":"<p>Hummm adoro caf\u00e9!<\/p>\n<p>Heheheh, acabei de comentar que estava vendo uma girafa no mapa da cidade de S\u00e3o Paulo quando li uma reportagem sobre um estudo que pode comprovar as minhas vis\u00f5es, hehehe&#8230;<br \/>\nO fato \u00e9 que gosto muito de tomar caf\u00e9, as vezes exagero um pouco,  e a pesquisa feita na&#8230; <a href=\"https:\/\/www.reinaldo.pro.br\/blog\/2009\/01\/14\/cafe-alucinante\/\">Continue reading <span class=\"meta-nav\">&rarr;<\/span><\/a><\/p>\n","protected":false},"author":1,"featured_media":0,"comment_status":"open","ping_status":"open","sticky":false,"template":"","format":"standard","meta":[],"categories":[63,91,24],"tags":[719,720,925,718,373,722,721],"_links":{"self":[{"href":"https:\/\/www.reinaldo.pro.br\/blog\/wp-json\/wp\/v2\/posts\/1074"}],"collection":[{"href":"https:\/\/www.reinaldo.pro.br\/blog\/wp-json\/wp\/v2\/posts"}],"about":[{"href":"https:\/\/www.reinaldo.pro.br\/blog\/wp-json\/wp\/v2\/types\/post"}],"author":[{"embeddable":true,"href":"https:\/\/www.reinaldo.pro.br\/blog\/wp-json\/wp\/v2\/users\/1"}],"replies":[{"embeddable":true,"href":"https:\/\/www.reinaldo.pro.br\/blog\/wp-json\/wp\/v2\/comments?post=1074"}],"version-history":[{"count":0,"href":"https:\/\/www.reinaldo.pro.br\/blog\/wp-json\/wp\/v2\/posts\/1074\/revisions"}],"wp:attachment":[{"href":"https:\/\/www.reinaldo.pro.br\/blog\/wp-json\/wp\/v2\/media?parent=1074"}],"wp:term":[{"taxonomy":"category","embeddable":true,"href":"https:\/\/www.reinaldo.pro.br\/blog\/wp-json\/wp\/v2\/categories?post=1074"},{"taxonomy":"post_tag","embeddable":true,"href":"https:\/\/www.reinaldo.pro.br\/blog\/wp-json\/wp\/v2\/tags?post=1074"}],"curies":[{"name":"wp","href":"https:\/\/api.w.org\/{rel}","templated":true}]}}