
{"id":1155,"date":"2009-02-14T20:43:26","date_gmt":"2009-02-14T22:43:26","guid":{"rendered":"http:\/\/reinaldo.pro.br\/blog\/?p=1155"},"modified":"2009-02-14T20:43:26","modified_gmt":"2009-02-14T22:43:26","slug":"fim-do-horario-de-verao-20082009","status":"publish","type":"post","link":"https:\/\/www.reinaldo.pro.br\/blog\/2009\/02\/14\/fim-do-horario-de-verao-20082009\/","title":{"rendered":"Fim do hor\u00e1rio de ver\u00e3o 2008\/2009."},"content":{"rendered":"<h4>Acabou&#8230;<\/h4>\n<p style=\"text-align: center;\"><img loading=\"lazy\" style=\"border: 0pt none;\" src=\"http:\/\/farm1.static.flickr.com\/106\/281640001_5885b3ecfb.jpg\" border=\"0\" alt=\"Acerte seu rel\u00f3gio!!!\" width=\"500\" height=\"500\" \/><br \/>\n<small><a title=\"Attribution-ShareAlike License\" href=\"http:\/\/creativecommons.org\/licenses\/by-sa\/2.0\/\" target=\"_blank\"><img loading=\"lazy\" src=\"http:\/\/reinaldo.pro.br\/blog\/wp-content\/plugins\/photo-dropper\/images\/cc.png\" border=\"0\" alt=\"Creative Commons License\" width=\"16\" height=\"16\" align=\"absmiddle\" \/><\/a> <a href=\"http:\/\/www.photodropper.com\/photos\/\" target=\"_blank\">photo<\/a> credit: <a title=\"Roby Ferrari\" href=\"http:\/\/www.flickr.com\/photos\/52485003@N00\/281640001\/\" target=\"_blank\">Roby Ferrari<\/a><\/small><\/p>\n<p><strong> Hoje termina o hor\u00e1rio de ver\u00e3o.<\/strong> N\u00e3o esque\u00e7a de acertar o seu rel\u00f3gio, atrase ele em uma hora. Os rel\u00f3gios (m\u00e1quinas) s\u00e3o f\u00e1ceis de acertar, o problema mesmo \u00e9 o nosso <strong>rel\u00f3gio biol\u00f3gico<\/strong> que leva de tr\u00eas dias a uma semana para se adaptar novamente a esta hora &#8220;a mais&#8221; dependendo do organismo da pessoa.<\/p>\n<p>Enfim, durante alguns dias fica aquela sensa\u00e7\u00e3o de &#8220;ressaca&#8221; (o pior, sem ter bebido&#8230;), acordamos cedo demais, ficamos com sono antes da hora, etc, etc&#8230; at\u00e9 que tudo volte ao normal, pelo menos vou poder tirar o atraso daquela hora de sono que perdi quando come\u00e7ou o hor\u00e1rio de ver\u00e3o&#8230;. \ud83d\ude09 pelo menos \u00e9 mais f\u00e1cil quando termina, do que quando come\u00e7a, afinal quem n\u00e3o gosta de dormir uma hora a mais?! \ud83d\ude06<\/p>\n<p><strong>\ud83d\udca1 E voc\u00ea?! Tem problemas com o fim do hor\u00e1rio de ver\u00e3o?! \ud83d\ude42<\/strong><\/p>\n","protected":false},"excerpt":{"rendered":"<p>Acabou&#8230;<\/p>\n<p>Hoje termina o hor\u00e1rio de ver\u00e3o. N\u00e3o se esque\u00e7a de acertar o seu rel\u00f3gio, atrase ele em uma hora. Os rel\u00f3gios (m\u00e1quinas) s\u00e3o f\u00e1ceis de acertar, o problema mesmo \u00e9 o nosso rel\u00f3gio biol\u00f3gico que leva&#8230;<br \/>\n <a href=\"https:\/\/www.reinaldo.pro.br\/blog\/2009\/02\/14\/fim-do-horario-de-verao-20082009\/\">Continue reading <span class=\"meta-nav\">&rarr;<\/span><\/a><\/p>\n","protected":false},"author":1,"featured_media":0,"comment_status":"open","ping_status":"open","sticky":false,"template":"","format":"standard","meta":[],"categories":[36,26,53],"tags":[756,757,950,69,755,912,109,107],"_links":{"self":[{"href":"https:\/\/www.reinaldo.pro.br\/blog\/wp-json\/wp\/v2\/posts\/1155"}],"collection":[{"href":"https:\/\/www.reinaldo.pro.br\/blog\/wp-json\/wp\/v2\/posts"}],"about":[{"href":"https:\/\/www.reinaldo.pro.br\/blog\/wp-json\/wp\/v2\/types\/post"}],"author":[{"embeddable":true,"href":"https:\/\/www.reinaldo.pro.br\/blog\/wp-json\/wp\/v2\/users\/1"}],"replies":[{"embeddable":true,"href":"https:\/\/www.reinaldo.pro.br\/blog\/wp-json\/wp\/v2\/comments?post=1155"}],"version-history":[{"count":0,"href":"https:\/\/www.reinaldo.pro.br\/blog\/wp-json\/wp\/v2\/posts\/1155\/revisions"}],"wp:attachment":[{"href":"https:\/\/www.reinaldo.pro.br\/blog\/wp-json\/wp\/v2\/media?parent=1155"}],"wp:term":[{"taxonomy":"category","embeddable":true,"href":"https:\/\/www.reinaldo.pro.br\/blog\/wp-json\/wp\/v2\/categories?post=1155"},{"taxonomy":"post_tag","embeddable":true,"href":"https:\/\/www.reinaldo.pro.br\/blog\/wp-json\/wp\/v2\/tags?post=1155"}],"curies":[{"name":"wp","href":"https:\/\/api.w.org\/{rel}","templated":true}]}}