
{"id":1174,"date":"2009-03-01T12:41:44","date_gmt":"2009-03-01T14:41:44","guid":{"rendered":"http:\/\/reinaldo.pro.br\/blog\/?p=1174"},"modified":"2009-03-01T12:41:44","modified_gmt":"2009-03-01T14:41:44","slug":"e-agora-comeca-2009-pra-valer","status":"publish","type":"post","link":"https:\/\/www.reinaldo.pro.br\/blog\/2009\/03\/01\/e-agora-comeca-2009-pra-valer\/","title":{"rendered":"E agora come\u00e7a 2009 pra valer&#8230;"},"content":{"rendered":"<h4>Acabou a festa&#8230;<\/h4>\n<p style=\"text-align: center;\"><img src=\"http:\/\/farm4.static.flickr.com\/3394\/3309257964_a1e7e5cbf8.jpg\" border=\"0\" alt=\"Tr\u00e9gua na guerra de confete.\" \/><br \/>\n<small><a title=\"Attribution-NonCommercial-ShareAlike License\" href=\"http:\/\/creativecommons.org\/licenses\/by-nc-sa\/2.0\/\" target=\"_blank\"><img loading=\"lazy\" src=\"http:\/\/reinaldo.pro.br\/blog\/wp-content\/plugins\/photo-dropper\/images\/cc.png\" border=\"0\" alt=\"Creative Commons License\" width=\"16\" height=\"16\" align=\"absmiddle\" \/><\/a> <a href=\"http:\/\/www.photodropper.com\/photos\/\" target=\"_blank\">photo<\/a> credit: <a title=\"leogetz\" href=\"http:\/\/www.flickr.com\/photos\/26619234@N00\/3309257964\/\" target=\"_blank\">leogetz<\/a><\/small><\/p>\n<p>Assim j\u00e1 dizia o <a title=\"Jos\u00e9 - (Carlos Drummond de Andrade)\" href=\"http:\/\/www.eeagorajose.kit.net\/estilos\/eagorajose.htm\" target=\"_blank\">poeta<\/a>:<strong><em> &#8220;E agora, Jos\u00e9? A festa acabou&#8230;&#8221;<\/em><\/strong>: Dizem que no Brasil as coisas s\u00f3 voltam a funcionar &#8220;de fato&#8221; somente no m\u00eas de mar\u00e7o ou ap\u00f3s o carnaval (isso se o carnaval n\u00e3o for em mar\u00e7o, da\u00ed s\u00f3 em abril mesmo&#8230; \ud83d\ude06 ). Antes disso, fica aquela &#8220;pregui\u00e7a&#8221;, sensa\u00e7\u00e3o de que tudo \u00e9 festa, f\u00e9rias, movimento do com\u00e9rcio mais lento, feriad\u00e3o prolongado, nada de interessante na TV,\u00a0 ruas mais vazias ou cheias demais (depende de onde voc\u00ea mora&#8230;) at\u00e9 que chega a hora que acaba, passou o natal, festa de ano novo, carnaval, final das f\u00e9rias escolares.\u00a0 Agora em mar\u00e7o as coisas voltam a sua rotina: aula, trabalho, contas novas, contas velhas, impostos, material escolar, compromissos importantes, etc., etc&#8230;<\/p>\n<p><strong>De volta a realidade! \ud83d\ude09<\/strong><\/p>\n","protected":false},"excerpt":{"rendered":"<p>Acabou a festa&#8230;<\/p>\n<p>Assim j\u00e1 dizia o poeta: &#8220;E agora, Jos\u00e9? A festa acabou&#8230;&#8221;: Dizem que no Brasil as coisas s\u00f3 voltam a funcionar &#8220;de fato&#8221; somente no m\u00eas de mar\u00e7o ou ap\u00f3s o carnaval (isso se o carnaval n\u00e3o for em mar\u00e7o, da\u00ed s\u00f3 em abril mesmo&#8230; \ud83d\ude06 ). Antes disso, fica aquela&#8230; <a href=\"https:\/\/www.reinaldo.pro.br\/blog\/2009\/03\/01\/e-agora-comeca-2009-pra-valer\/\">Continue reading <span class=\"meta-nav\">&rarr;<\/span><\/a><\/p>\n","protected":false},"author":1,"featured_media":0,"comment_status":"open","ping_status":"open","sticky":false,"template":"","format":"standard","meta":[],"categories":[36,34,59],"tags":[673,696,761,929],"_links":{"self":[{"href":"https:\/\/www.reinaldo.pro.br\/blog\/wp-json\/wp\/v2\/posts\/1174"}],"collection":[{"href":"https:\/\/www.reinaldo.pro.br\/blog\/wp-json\/wp\/v2\/posts"}],"about":[{"href":"https:\/\/www.reinaldo.pro.br\/blog\/wp-json\/wp\/v2\/types\/post"}],"author":[{"embeddable":true,"href":"https:\/\/www.reinaldo.pro.br\/blog\/wp-json\/wp\/v2\/users\/1"}],"replies":[{"embeddable":true,"href":"https:\/\/www.reinaldo.pro.br\/blog\/wp-json\/wp\/v2\/comments?post=1174"}],"version-history":[{"count":0,"href":"https:\/\/www.reinaldo.pro.br\/blog\/wp-json\/wp\/v2\/posts\/1174\/revisions"}],"wp:attachment":[{"href":"https:\/\/www.reinaldo.pro.br\/blog\/wp-json\/wp\/v2\/media?parent=1174"}],"wp:term":[{"taxonomy":"category","embeddable":true,"href":"https:\/\/www.reinaldo.pro.br\/blog\/wp-json\/wp\/v2\/categories?post=1174"},{"taxonomy":"post_tag","embeddable":true,"href":"https:\/\/www.reinaldo.pro.br\/blog\/wp-json\/wp\/v2\/tags?post=1174"}],"curies":[{"name":"wp","href":"https:\/\/api.w.org\/{rel}","templated":true}]}}