
{"id":1229,"date":"2009-03-23T18:53:23","date_gmt":"2009-03-23T21:53:23","guid":{"rendered":"http:\/\/reinaldo.pro.br\/blog\/?p=1229"},"modified":"2009-03-23T18:53:23","modified_gmt":"2009-03-23T21:53:23","slug":"florianopolis-283-anos","status":"publish","type":"post","link":"https:\/\/www.reinaldo.pro.br\/blog\/2009\/03\/23\/florianopolis-283-anos\/","title":{"rendered":"Florian\u00f3polis 283 anos!"},"content":{"rendered":"<h4>Parab\u00e9ns Floripa! \ud83d\ude42<\/h4>\n<p style=\"text-align: center;\"><img src=\"http:\/\/farm1.static.flickr.com\/97\/271436960_9ef754e586.jpg\" border=\"0\" alt=\"S\u00e1bado de Sol\" \/><br \/>\n<small><a title=\"Attribution-NonCommercial-NoDerivs License\" href=\"http:\/\/creativecommons.org\/licenses\/by-nc-nd\/2.0\/\" target=\"_blank\"><img loading=\"lazy\" src=\"http:\/\/reinaldo.pro.br\/blog\/wp-content\/plugins\/photo-dropper\/images\/cc.png\" border=\"0\" alt=\"Creative Commons License\" width=\"16\" height=\"16\" align=\"absmiddle\" \/><\/a> <a href=\"http:\/\/www.photodropper.com\/photos\/\" target=\"_blank\">photo<\/a> credit: <a title=\"Elton Melo\" href=\"http:\/\/www.flickr.com\/photos\/47115216@N00\/271436960\/\" target=\"_blank\">Elton Melo<\/a><\/small><\/p>\n<p><strong>Anivers\u00e1rio da cidade de Florian\u00f3polis.<\/strong> Melhor do que palavras, algumas imagens para comemorar esta data&#8230; \ud83d\ude09<\/p>\n<p><strong>Vista do bairro Jo\u00e3o Paulo.<\/strong>\n<\/p>\n<p style=\"text-align: center;\"><img src=\"http:\/\/farm1.static.flickr.com\/28\/45595788_68995eb06e.jpg\" border=\"0\" alt=\"F l o r i p a\" \/><br \/>\n<small><a title=\"Attribution-NoDerivs License\" href=\"http:\/\/creativecommons.org\/licenses\/by-nd\/2.0\/\" target=\"_blank\"><img loading=\"lazy\" src=\"http:\/\/reinaldo.pro.br\/blog\/wp-content\/plugins\/photo-dropper\/images\/cc.png\" border=\"0\" alt=\"Creative Commons License\" width=\"16\" height=\"16\" align=\"absmiddle\" \/><\/a> <a href=\"http:\/\/www.photodropper.com\/photos\/\" target=\"_blank\">photo<\/a> credit: <a title=\"Renata Diem\" href=\"http:\/\/www.flickr.com\/photos\/33433959@N00\/45595788\/\" target=\"_blank\">Renata Diem<\/a><br \/>\n<\/small>\n<\/p>\n<p style=\"text-align: center;\">\n<p style=\"text-align: center;\">\n<p><strong>Ponte Herc\u00edlio Luz.<\/strong><\/p>\n<p style=\"text-align: center;\"><img src=\"http:\/\/farm1.static.flickr.com\/107\/369566283_a55bf39820.jpg\" border=\"0\" alt=\"Floripa - The island\" \/><br \/>\n<small><a title=\"Attribution-NonCommercial-NoDerivs License\" href=\"http:\/\/creativecommons.org\/licenses\/by-nc-nd\/2.0\/\" target=\"_blank\"><img loading=\"lazy\" src=\"http:\/\/reinaldo.pro.br\/blog\/wp-content\/plugins\/photo-dropper\/images\/cc.png\" border=\"0\" alt=\"Creative Commons License\" width=\"16\" height=\"16\" align=\"absmiddle\" \/><\/a> <a href=\"http:\/\/www.photodropper.com\/photos\/\" target=\"_blank\">photo<\/a> credit: <a title=\"Diego F. Gon\u00e7alves\" href=\"http:\/\/www.flickr.com\/photos\/74045824@N00\/369566283\/\" target=\"_blank\">Diego F. Gon\u00e7alves<\/a><\/small>\n<\/p>\n<p style=\"text-align: left;\"><strong>Lagoinha do Leste<\/strong>.<\/p>\n<p style=\"text-align: center;\"><img src=\"http:\/\/farm3.static.flickr.com\/2128\/2198246156_e9c55df007.jpg\" border=\"0\" alt=\"Surfando no Morro da Coroa \/ Surfing on the Crown Mount\" \/><br \/>\n<small><a title=\"Attribution-NonCommercial-NoDerivs License\" href=\"http:\/\/creativecommons.org\/licenses\/by-nc-nd\/2.0\/\" target=\"_blank\"><img loading=\"lazy\" src=\"http:\/\/reinaldo.pro.br\/blog\/wp-content\/plugins\/photo-dropper\/images\/cc.png\" border=\"0\" alt=\"Creative Commons License\" width=\"16\" height=\"16\" align=\"absmiddle\" \/><\/a> <a href=\"http:\/\/www.photodropper.com\/photos\/\" target=\"_blank\">photo<\/a> credit: <a title=\"Diego F. Gon\u00e7alves\" href=\"http:\/\/www.flickr.com\/photos\/74045824@N00\/2198246156\/\" target=\"_blank\">Diego F. Gon\u00e7alves<\/a><\/small><\/p>\n<p><strong>Santo Ant\u00f4nio de Lisboa.<\/strong>\n<\/p>\n<p style=\"text-align: center;\"><img src=\"http:\/\/farm3.static.flickr.com\/2098\/2257782767_d65828caec.jpg\" border=\"0\" alt=\"Santo Ant\u00f4nio de Lisboa\" \/><br \/>\n<small><a title=\"Attribution-NonCommercial-NoDerivs License\" href=\"http:\/\/creativecommons.org\/licenses\/by-nc-nd\/2.0\/\" target=\"_blank\"><img loading=\"lazy\" src=\"http:\/\/reinaldo.pro.br\/blog\/wp-content\/plugins\/photo-dropper\/images\/cc.png\" border=\"0\" alt=\"Creative Commons License\" width=\"16\" height=\"16\" align=\"absmiddle\" \/><\/a> <a href=\"http:\/\/www.photodropper.com\/photos\/\" target=\"_blank\">photo<\/a> credit: <a title=\"venancio2007\" href=\"http:\/\/www.flickr.com\/photos\/8882809@N03\/2257782767\/\" target=\"_blank\">venancio2007<\/a><\/small><\/p>\n<p><strong>Panor\u00e2mica da lagoa.<\/strong>\n<\/p>\n<p style=\"text-align: center;\"><img src=\"http:\/\/farm4.static.flickr.com\/3214\/3057731408_9d0167278a.jpg\" border=\"0\" alt=\"Panor\u00e2mica da lagoa \/ Panorama of the lake\" \/><br \/>\n<small><a title=\"Attribution-NonCommercial-NoDerivs License\" href=\"http:\/\/creativecommons.org\/licenses\/by-nc-nd\/2.0\/\" target=\"_blank\"><img loading=\"lazy\" src=\"http:\/\/reinaldo.pro.br\/blog\/wp-content\/plugins\/photo-dropper\/images\/cc.png\" border=\"0\" alt=\"Creative Commons License\" width=\"16\" height=\"16\" align=\"absmiddle\" \/><\/a> <a href=\"http:\/\/www.photodropper.com\/photos\/\" target=\"_blank\">photo<\/a> credit: <a title=\"M\u00e1rcio Cabral de Moura\" href=\"http:\/\/www.flickr.com\/photos\/7704455@N02\/3057731408\/\" target=\"_blank\">M\u00e1rcio Cabral de Moura<\/a><\/small><\/p>\n<p><strong>Avenida Beira Mar Norte<\/strong>.\n<\/p>\n<p style=\"text-align: center;\"><img src=\"http:\/\/farm2.static.flickr.com\/1222\/1402182472_0571c92525.jpg\" border=\"0\" alt=\"Av. Beiramar\" \/><br \/>\n<small><a title=\"Attribution-NonCommercial-NoDerivs License\" href=\"http:\/\/creativecommons.org\/licenses\/by-nc-nd\/2.0\/\" target=\"_blank\"><img loading=\"lazy\" src=\"http:\/\/reinaldo.pro.br\/blog\/wp-content\/plugins\/photo-dropper\/images\/cc.png\" border=\"0\" alt=\"Creative Commons License\" width=\"16\" height=\"16\" align=\"absmiddle\" \/><\/a> <a href=\"http:\/\/www.photodropper.com\/photos\/\" target=\"_blank\">photo<\/a> credit: <a title=\".Marco Nunes\" href=\"http:\/\/www.flickr.com\/photos\/77561243@N00\/1402182472\/\" target=\"_blank\">.Marco Nunes<\/a><\/small>\n<\/p>\n<p style=\"text-align: left;\"><strong>Costa da Lagoa.<\/strong><\/p>\n<p style=\"text-align: center;\"><img src=\"http:\/\/farm3.static.flickr.com\/2344\/2038574564_dc5a384782.jpg\" border=\"0\" alt=\"Costa da Lagoa\/Florian\u00f3polis\" \/><br \/>\n<small><a title=\"Attribution-ShareAlike License\" href=\"http:\/\/creativecommons.org\/licenses\/by-sa\/2.0\/\" target=\"_blank\"><img loading=\"lazy\" src=\"http:\/\/reinaldo.pro.br\/blog\/wp-content\/plugins\/photo-dropper\/images\/cc.png\" border=\"0\" alt=\"Creative Commons License\" width=\"16\" height=\"16\" align=\"absmiddle\" \/><\/a> <a href=\"http:\/\/www.photodropper.com\/photos\/\" target=\"_blank\">photo<\/a> credit: <a title=\"Danny Botelho\" href=\"http:\/\/www.flickr.com\/photos\/20944291@N04\/2038574564\/\" target=\"_blank\">Danny Botelho<\/a><\/small>\n<\/p>\n<p style=\"text-align: left;\"><strong>Praia da Joaquina.<\/strong><\/p>\n<p style=\"text-align: center;\"><img src=\"http:\/\/farm4.static.flickr.com\/3572\/3330509089_d2c4df6997.jpg\" border=\"0\" alt=\"Praia da Joaquinha\" \/><br \/>\n<small><a title=\"Attribution-NonCommercial-ShareAlike License\" href=\"http:\/\/creativecommons.org\/licenses\/by-nc-sa\/2.0\/\" target=\"_blank\"><img loading=\"lazy\" src=\"http:\/\/reinaldo.pro.br\/blog\/wp-content\/plugins\/photo-dropper\/images\/cc.png\" border=\"0\" alt=\"Creative Commons License\" width=\"16\" height=\"16\" align=\"absmiddle\" \/><\/a> <a href=\"http:\/\/www.photodropper.com\/photos\/\" target=\"_blank\">photo<\/a> credit: <a title=\"hamadryades\" href=\"http:\/\/www.flickr.com\/photos\/10254455@N02\/3330509089\/\" target=\"_blank\">hamadryades<\/a><\/small>\n<\/p>\n<p style=\"text-align: left;\">\n<p style=\"text-align: left;\"><strong>Costa da Lagoa, Nascer do Sol.<\/strong><\/p>\n<p style=\"text-align: center;\"><img src=\"http:\/\/farm4.static.flickr.com\/3329\/3342765659_1c8e457803.jpg\" border=\"0\" alt=\"Panorama Costa da Lagoa\" \/><br \/>\n<small><a title=\"Attribution-NonCommercial-NoDerivs License\" href=\"http:\/\/creativecommons.org\/licenses\/by-nc-nd\/2.0\/\" target=\"_blank\"><img loading=\"lazy\" src=\"http:\/\/reinaldo.pro.br\/blog\/wp-content\/plugins\/photo-dropper\/images\/cc.png\" border=\"0\" alt=\"Creative Commons License\" width=\"16\" height=\"16\" align=\"absmiddle\" \/><\/a> <a href=\"http:\/\/www.photodropper.com\/photos\/\" target=\"_blank\">photo<\/a> credit: <a title=\"Guilherme Tondello\" href=\"http:\/\/www.flickr.com\/photos\/21307102@N03\/3342765659\/\" target=\"_blank\">Guilherme Tondello<\/a><\/small>\n<\/p>\n<p style=\"text-align: left;\"><strong>Mercado P\u00fablico.<\/strong><\/p>\n<p style=\"text-align: center;\"><img src=\"http:\/\/farm4.static.flickr.com\/3226\/2356144931_477f95b0ec.jpg\" border=\"0\" alt=\"Mercado P\u00fablico - Do man\u00e9 \u00e0 madame\" \/><br \/>\n<small><a title=\"Attribution-NonCommercial License\" href=\"http:\/\/creativecommons.org\/licenses\/by-nc\/2.0\/\" target=\"_blank\"><img loading=\"lazy\" src=\"http:\/\/reinaldo.pro.br\/blog\/wp-content\/plugins\/photo-dropper\/images\/cc.png\" border=\"0\" alt=\"Creative Commons License\" width=\"16\" height=\"16\" align=\"absmiddle\" \/><\/a> <a href=\"http:\/\/www.photodropper.com\/photos\/\" target=\"_blank\">photo<\/a> credit: <a title=\"Willian Silveira (will)\" href=\"http:\/\/www.flickr.com\/photos\/40908326@N00\/2356144931\/\" target=\"_blank\">Willian Silveira (will)<\/a><\/small>\n<\/p>\n<p style=\"text-align: left;\">\n<p style=\"text-align: left;\"><strong>Pra\u00e7a Herc\u00edlio Luz.<\/strong><\/p>\n<p style=\"text-align: center;\"><img src=\"http:\/\/farm1.static.flickr.com\/45\/150870514_9f3062d8f9.jpg\" border=\"0\" alt=\"Pra\u00e7a Herc\u00edlio Luz (dia)\" \/><br \/>\n<small><a title=\"Attribution-NonCommercial-NoDerivs License\" href=\"http:\/\/creativecommons.org\/licenses\/by-nc-nd\/2.0\/\" target=\"_blank\"><img loading=\"lazy\" src=\"http:\/\/reinaldo.pro.br\/blog\/wp-content\/plugins\/photo-dropper\/images\/cc.png\" border=\"0\" alt=\"Creative Commons License\" width=\"16\" height=\"16\" align=\"absmiddle\" \/><\/a> <a href=\"http:\/\/www.photodropper.com\/photos\/\" target=\"_blank\">photo<\/a> credit: <a title=\"Elton Melo\" href=\"http:\/\/www.flickr.com\/photos\/47115216@N00\/150870514\/\" target=\"_blank\">Elton Melo<\/a><\/small>\n<\/p>\n<p style=\"text-align: left;\">\n<p style=\"text-align: left;\">\n<p style=\"text-align: left;\">\n<p style=\"text-align: left;\">\n<p style=\"text-align: left;\">\n","protected":false},"excerpt":{"rendered":"<p>Anivers\u00e1rio da cidade de Florian\u00f3polis. Melhor do que palavras, algumas imagens para comemorar esta data&#8230; \ud83d\ude09 <a href=\"https:\/\/www.reinaldo.pro.br\/blog\/2009\/03\/23\/florianopolis-283-anos\/\">Continue reading <span class=\"meta-nav\">&rarr;<\/span><\/a><\/p>\n","protected":false},"author":1,"featured_media":0,"comment_status":"open","ping_status":"open","sticky":false,"template":"","format":"standard","meta":[],"categories":[217,38,78],"tags":[84,80,774,85,773],"_links":{"self":[{"href":"https:\/\/www.reinaldo.pro.br\/blog\/wp-json\/wp\/v2\/posts\/1229"}],"collection":[{"href":"https:\/\/www.reinaldo.pro.br\/blog\/wp-json\/wp\/v2\/posts"}],"about":[{"href":"https:\/\/www.reinaldo.pro.br\/blog\/wp-json\/wp\/v2\/types\/post"}],"author":[{"embeddable":true,"href":"https:\/\/www.reinaldo.pro.br\/blog\/wp-json\/wp\/v2\/users\/1"}],"replies":[{"embeddable":true,"href":"https:\/\/www.reinaldo.pro.br\/blog\/wp-json\/wp\/v2\/comments?post=1229"}],"version-history":[{"count":0,"href":"https:\/\/www.reinaldo.pro.br\/blog\/wp-json\/wp\/v2\/posts\/1229\/revisions"}],"wp:attachment":[{"href":"https:\/\/www.reinaldo.pro.br\/blog\/wp-json\/wp\/v2\/media?parent=1229"}],"wp:term":[{"taxonomy":"category","embeddable":true,"href":"https:\/\/www.reinaldo.pro.br\/blog\/wp-json\/wp\/v2\/categories?post=1229"},{"taxonomy":"post_tag","embeddable":true,"href":"https:\/\/www.reinaldo.pro.br\/blog\/wp-json\/wp\/v2\/tags?post=1229"}],"curies":[{"name":"wp","href":"https:\/\/api.w.org\/{rel}","templated":true}]}}