
{"id":1256,"date":"2009-03-28T12:13:02","date_gmt":"2009-03-28T15:13:02","guid":{"rendered":"http:\/\/reinaldo.pro.br\/blog\/?p=1256"},"modified":"2009-03-28T12:13:02","modified_gmt":"2009-03-28T15:13:02","slug":"nao-esqueca-hoje-e-dia-da-hora-do-planeta","status":"publish","type":"post","link":"https:\/\/www.reinaldo.pro.br\/blog\/2009\/03\/28\/nao-esqueca-hoje-e-dia-da-hora-do-planeta\/","title":{"rendered":"N\u00e3o esque\u00e7a! Hoje \u00e9 dia da Hora do Planeta."},"content":{"rendered":"<h4>Apague as luzes! E pense nisso&#8230;<\/h4>\n<p style=\"text-align: center;\"><object width=\"327\" height=\"327\" data=\"http:\/\/assets.wwf.org.br\/downloads\/250x250_1.swf\" type=\"application\/x-shockwave-flash\"><param name=\"id\" value=\"movie\" \/><param name=\"name\" value=\"movie\" \/><param name=\"src\" value=\"http:\/\/assets.wwf.org.br\/downloads\/250x250_1.swf\" \/><\/object><\/p>\n<p><strong>Hoje \u00e9 dia de apagar as luzes:<\/strong> Para quem ainda n\u00e3o sabe, o movimento &#8220;<a href=\"http:\/\/www.wwf.org.br\/informacoes\/horadoplaneta\/\" target=\"_blank\">Hora do Planeta<\/a>&#8221; \u00e9 organizado pelo WWF, onde a proposta \u00e9 que todos apaguem as luzes de suas casas por uma hora, a id\u00e9ia \u00e9 fazer uma reflex\u00e3o sobre a nossa atitude diante do aquecimento global,\u00a0 sobre o que podemos fazer de esfor\u00e7o individual e coletivo para evitar que isso aconte\u00e7a evitando muitos problemas que j\u00e1 come\u00e7am a fazer-se presentes no nosso dia-a-dia. Segundo o WWF-Brasil:<\/p>\n<blockquote><p>O WWF-Brasil participa pela primeira vez da Hora do Planeta, um ato simb\u00f3lico, que ser\u00e1 realizado dia 28 de mar\u00e7o, \u00e0s 20h30, no qual governos, empresas e a popula\u00e7\u00e3o de todo o mundo s\u00e3o convidados a apagar as luzes para demonstrar sua preocupa\u00e7\u00e3o com o aquecimento global.<\/p>\n<p><strong>Participe!\u00a0 \u00c9 simples. Apague as luzes da sua sala.<\/strong><\/p><\/blockquote>\n<p>N\u00e3o adianta pensar que isso nunca vai nos afetar ou que s\u00f3 vai acontecer daqui a cinq\u00fcenta anos, pensar assim seria puro ego\u00edsmo, afinal estamos acabando com a possibilidade de uma qualidade de vida (mais que isso, de sobreviv\u00eancia&#8230;) de nossos filhos, netos e todos os outros que vir\u00e3o em um futuro n\u00e3o t\u00e3o distante.<\/p>\n<p>O gesto \u00e9 simples, afinal vamos apagar s\u00f3 a ilumina\u00e7\u00e3o, pode-se acompanhar o movimento pela tv, internet, celular&#8230;<\/p>\n<p><strong><span style=\"color: #ff0000;\">Fa\u00e7a a diferen\u00e7a!<\/span> 20h30 apague as luzes! \ud83d\ude09<\/strong><\/p>\n<p><strong><br \/>\n<\/strong><\/p>\n","protected":false},"excerpt":{"rendered":"<p>Apague as luzes! E pense nisso&#8230;<\/p>\n<p>Hoje \u00e9 dia de apagar as luzes: Para quem ainda n\u00e3o sabe, o movimento &#8220;Hora do Planeta&#8221; \u00e9 organizado pelo WWF, onde a proposta \u00e9 que todos apaguem as luzes de suas casas por uma hora, a id\u00e9ia \u00e9 fazer uma reflex\u00e3o sobre&#8230; <a href=\"https:\/\/www.reinaldo.pro.br\/blog\/2009\/03\/28\/nao-esqueca-hoje-e-dia-da-hora-do-planeta\/\">Continue reading <span class=\"meta-nav\">&rarr;<\/span><\/a><\/p>\n","protected":false},"author":1,"featured_media":0,"comment_status":"open","ping_status":"open","sticky":false,"template":"","format":"standard","meta":[],"categories":[3,217,13,78,14,133,28],"tags":[784,786,908,785],"_links":{"self":[{"href":"https:\/\/www.reinaldo.pro.br\/blog\/wp-json\/wp\/v2\/posts\/1256"}],"collection":[{"href":"https:\/\/www.reinaldo.pro.br\/blog\/wp-json\/wp\/v2\/posts"}],"about":[{"href":"https:\/\/www.reinaldo.pro.br\/blog\/wp-json\/wp\/v2\/types\/post"}],"author":[{"embeddable":true,"href":"https:\/\/www.reinaldo.pro.br\/blog\/wp-json\/wp\/v2\/users\/1"}],"replies":[{"embeddable":true,"href":"https:\/\/www.reinaldo.pro.br\/blog\/wp-json\/wp\/v2\/comments?post=1256"}],"version-history":[{"count":0,"href":"https:\/\/www.reinaldo.pro.br\/blog\/wp-json\/wp\/v2\/posts\/1256\/revisions"}],"wp:attachment":[{"href":"https:\/\/www.reinaldo.pro.br\/blog\/wp-json\/wp\/v2\/media?parent=1256"}],"wp:term":[{"taxonomy":"category","embeddable":true,"href":"https:\/\/www.reinaldo.pro.br\/blog\/wp-json\/wp\/v2\/categories?post=1256"},{"taxonomy":"post_tag","embeddable":true,"href":"https:\/\/www.reinaldo.pro.br\/blog\/wp-json\/wp\/v2\/tags?post=1256"}],"curies":[{"name":"wp","href":"https:\/\/api.w.org\/{rel}","templated":true}]}}