
{"id":1340,"date":"2009-05-03T20:53:30","date_gmt":"2009-05-03T23:53:30","guid":{"rendered":"http:\/\/reinaldo.pro.br\/blog\/?p=1340"},"modified":"2009-05-03T20:53:30","modified_gmt":"2009-05-03T23:53:30","slug":"outras-alternativas-para-mobilidade-urbana-carros-publicos","status":"publish","type":"post","link":"https:\/\/www.reinaldo.pro.br\/blog\/2009\/05\/03\/outras-alternativas-para-mobilidade-urbana-carros-publicos\/","title":{"rendered":"Outras alternativas para mobilidade urbana: Carros p\u00fablicos."},"content":{"rendered":"<h4>Compartilhamento de carro.<\/h4>\n<p style=\"text-align: center;\"><img src=\"http:\/\/farm4.static.flickr.com\/3199\/2970653281_05cf963977.jpg\" border=\"0\" alt=\"Car Sharing\" \/><br \/>\n<small><a title=\"Attribution-NonCommercial-ShareAlike License\" href=\"http:\/\/creativecommons.org\/licenses\/by-nc-sa\/2.0\/\" target=\"_blank\"><img loading=\"lazy\" src=\"http:\/\/reinaldo.pro.br\/blog\/wp-content\/plugins\/photo-dropper\/images\/cc.png\" border=\"0\" alt=\"Creative Commons License\" width=\"16\" height=\"16\" align=\"absmiddle\" \/><\/a> <a href=\"http:\/\/www.photodropper.com\/photos\/\" target=\"_blank\">photo<\/a> credit: <a title=\"gwenael.piaser\" href=\"http:\/\/www.flickr.com\/photos\/22841923@N02\/2970653281\/\" target=\"_blank\">gwenael.piaser<\/a><\/small><\/p>\n<p><strong>Carros para uso p\u00fablico:<\/strong> Em andamento em v\u00e1rios pa\u00edses da Europa e em algumas cidades dos Estado Unidos, projetos de <strong>frotas p\u00fablicas de ve\u00edculos<\/strong> tem a inten\u00e7\u00e3o de complementar os recursos alternativos \u00e0 mobilidade urbana, al\u00e9m do uso da bicicleta, trens ou \u00f4nibus. A id\u00e9ia nem \u00e9 t\u00e3o nova assim, o conceito de &#8220;<em>public car sharing<\/em>&#8220;, surgiu nos anos 1980 na Sui\u00e7a e desde ent\u00e3o vem se aperfei\u00e7oando e se espalhando por v\u00e1rias cidades do mundo.<\/p>\n<p>A id\u00e9ia \u00e9 interessante levando em considera\u00e7\u00e3o que nem sempre precisamos de um carro dispon\u00edvel 24 horas por dia e atenderia a algumas necessidades como ir ao supermercado, trazer compras muito pesadas ou ir a locais de lazer, al\u00e9m da economia em n\u00e3o precisar adquirir e manter um veiculo exclusivo e desafogar o tr\u00e2nsito.<\/p>\n<p>Segundo a reportagem &#8220;<a title=\"Public cars viram moda em pa\u00edses ricos\" href=\"http:\/\/www.estadao.com.br\/estadaodehoje\/20090405\/not_imp350335,0.php\" target=\"_blank\">Public cars viram moda em pa\u00edses ricos<\/a>&#8221; do Estad\u00e3o:<\/p>\n<blockquote><p>[&#8230;] Na It\u00e1lia,12 cidades desenvolvem desde 2004 um projeto bancado pelo Minist\u00e9rio do Meio Ambiente que insere no transporte urbano uma frota de carros p\u00fablicos. Cerca de 500 carros ficam nas ruas \u00e0 disposi\u00e7\u00e3o dos usu\u00e1rios 24 horas por dia, 365 dias do ano, e podem ser abertos com uma chave especial que parece um cart\u00e3o de cr\u00e9dito. Esses ve\u00edculos ainda t\u00eam permiss\u00e3o para circular em \u00e1reas proibidas a carros comuns e direito a vagas especiais nos lugares mais concorridos da cidade. O custo \u00e9 subsidiado pelo governo &#8211; para ter direito ao servi\u00e7o, \u00e9 preciso pagar cerca de 50 anuais, mais 0,30 por quil\u00f4metro rodado.<\/p>\n<p>&#8220;Para evitar que as pessoas fiquem muito tempo com o ve\u00edculo, as tarifas da quilometragem v\u00e3o aumentando progressivamente e a pessoa tamb\u00e9m pode pagar uma tarifa por hora de uso&#8221;, diz Marco Mastretta, diretor da Iniziativa Car Sharing (ICS), empresa que administra o servi\u00e7o. &#8220;Mas h\u00e1 tamb\u00e9m diversos benef\u00edcios para que as pessoas adotem os carros p\u00fablicos, como, por exemplo, a exclusividade de algumas vagas de estacionamento, al\u00e9m de poder deixar o carro ap\u00f3s o uso em qualquer lugar. Hoje temos mais de 15 mil italianos usando esses ve\u00edculo, e o crescimento anual tem sido de 50%.&#8221; [&#8230;]<\/p><\/blockquote>\n<p>\ud83d\udca1 Fico pensando se um dia algo desse tipo funcionaria no Brasil! Provavelmente n\u00e3o&#8230; \ud83d\ude41 mas sonhar n\u00e3o \u00e9 proibido e (ainda) n\u00e3o paga imposto&#8230;. \ud83d\ude06<\/p>\n","protected":false},"excerpt":{"rendered":"<p>Compartilhamento de carro.<\/p>\n<p>Carros para uso p\u00fablico: Em andamento em v\u00e1rios pa\u00edses da Europa e em algumas cidades dos Estado Unidos, projetos de frotas p\u00fablicas de ve\u00edculos tem a inten\u00e7\u00e3o de complementar os recursos alternativos \u00e0 mobilidade urbana, al\u00e9m do uso da bicicleta, trens ou \u00f4nibus. A id\u00e9ia nem \u00e9 t\u00e3o nova assim, o conceito de &#8220;public car sharing&#8221;, surgiu nos anos 1980 na Sui\u00e7a e desde ent\u00e3o vem se aperfei\u00e7oando e se espalhando por v\u00e1rias cidades do mundo.<\/p>\n<p>A id\u00e9ia \u00e9 interessante levando em&#8230; <a href=\"https:\/\/www.reinaldo.pro.br\/blog\/2009\/05\/03\/outras-alternativas-para-mobilidade-urbana-carros-publicos\/\">Continue reading <span class=\"meta-nav\">&rarr;<\/span><\/a><\/p>\n","protected":false},"author":1,"featured_media":0,"comment_status":"open","ping_status":"open","sticky":false,"template":"","format":"standard","meta":[],"categories":[91,13,27,17,25],"tags":[817,366,819,816,818],"_links":{"self":[{"href":"https:\/\/www.reinaldo.pro.br\/blog\/wp-json\/wp\/v2\/posts\/1340"}],"collection":[{"href":"https:\/\/www.reinaldo.pro.br\/blog\/wp-json\/wp\/v2\/posts"}],"about":[{"href":"https:\/\/www.reinaldo.pro.br\/blog\/wp-json\/wp\/v2\/types\/post"}],"author":[{"embeddable":true,"href":"https:\/\/www.reinaldo.pro.br\/blog\/wp-json\/wp\/v2\/users\/1"}],"replies":[{"embeddable":true,"href":"https:\/\/www.reinaldo.pro.br\/blog\/wp-json\/wp\/v2\/comments?post=1340"}],"version-history":[{"count":0,"href":"https:\/\/www.reinaldo.pro.br\/blog\/wp-json\/wp\/v2\/posts\/1340\/revisions"}],"wp:attachment":[{"href":"https:\/\/www.reinaldo.pro.br\/blog\/wp-json\/wp\/v2\/media?parent=1340"}],"wp:term":[{"taxonomy":"category","embeddable":true,"href":"https:\/\/www.reinaldo.pro.br\/blog\/wp-json\/wp\/v2\/categories?post=1340"},{"taxonomy":"post_tag","embeddable":true,"href":"https:\/\/www.reinaldo.pro.br\/blog\/wp-json\/wp\/v2\/tags?post=1340"}],"curies":[{"name":"wp","href":"https:\/\/api.w.org\/{rel}","templated":true}]}}