
{"id":1348,"date":"2009-04-29T19:23:34","date_gmt":"2009-04-29T22:23:34","guid":{"rendered":"http:\/\/reinaldo.pro.br\/blog\/?p=1348"},"modified":"2009-04-29T19:34:29","modified_gmt":"2009-04-29T22:34:29","slug":"nao-esqueca-irpf-2009","status":"publish","type":"post","link":"https:\/\/www.reinaldo.pro.br\/blog\/2009\/04\/29\/nao-esqueca-irpf-2009\/","title":{"rendered":"N\u00e3o esque\u00e7a! IRPF 2009."},"content":{"rendered":"<h4>Acerte suas contas com o le\u00e3o.<\/h4>\n<p style=\"text-align: center;\"><img loading=\"lazy\" style=\"border: 0pt none;\" src=\"http:\/\/farm3.static.flickr.com\/2398\/2290917290_b572293ca4.jpg\" border=\"0\" alt=\"Sou teu maior s\u00f3cio! Heheh...\" width=\"500\" height=\"375\" \/><br \/>\n<small><a title=\"Attribution-NonCommercial-ShareAlike License\" href=\"http:\/\/creativecommons.org\/licenses\/by-nc-sa\/2.0\/\" target=\"_blank\"><img loading=\"lazy\" src=\"http:\/\/reinaldo.pro.br\/blog\/wp-content\/plugins\/photo-dropper\/images\/cc.png\" border=\"0\" alt=\"Creative Commons License\" width=\"16\" height=\"16\" align=\"absmiddle\" \/><\/a> <a href=\"http:\/\/www.photodropper.com\/photos\/\" target=\"_blank\">photo<\/a> credit: <a title=\"Erlon Jequi\u00e9\" href=\"http:\/\/www.flickr.com\/photos\/9084575@N08\/2290917290\/\" target=\"_blank\">Erlon Jequi\u00e9<\/a><\/small> <small>[bl\u00e9h! cad\u00ea teu imposto?!]<br \/>\n<\/small><\/p>\n<p><strong>Todo ano \u00e9 sempre a mesma coisa:<\/strong> separar documentos, recibos, comprovantes, tudo para acertar as contas, mas vale sempre lembrar os mais desavisados: Amanh\u00e3 (30\/04\/2009) \u00e9 o \u00faltimo dia para <span style=\"text-decoration: line-through;\">enviar<\/span> entregar a declara\u00e7\u00e3o do imposto de renda dos rendimentos do ano de 2008.<\/p>\n<p>A respeito do <strong>prazo e quem deve entregar a declara\u00e7\u00e3o<\/strong>, segundo a Ag\u00eancia Brasil:<\/p>\n<blockquote><p>[&#8230;] O prazo de entrega vai at\u00e9 <strong>a meia-noite (hor\u00e1rio de Bras\u00edlia) do dia 30 de abril<\/strong> para quem usar a internet e, segundo a Receita, n\u00e3o ser\u00e1 prorrogado. Nos outros casos, o contribuinte ter\u00e1 que observar o hor\u00e1rio de atendimento das ag\u00eancias banc\u00e1rias ou dos Correios. Quem n\u00e3o enviar os dados dentro do prazo ter\u00e1 de pagar multa m\u00ednima de R$ 165,74.<\/p>\n<p>[&#8230;] Est\u00e3o obrigadas a declarar o Imposto de Renda as pessoas f\u00edsicas que receberam em 2008 acima de R$ 16.473,72 em rendimentos tribut\u00e1veis (que pagam impostos). Quem teve rendimentos n\u00e3o-tribut\u00e1veis ou isentos de impostos acima de R$ 40 mil no ano passado tamb\u00e9m ter\u00e1 de acertar as contas com a Receita. [&#8230;]<\/p><\/blockquote>\n<p><strong>\ud83d\udca1 J\u00e1 fez a sua? Se ainda n\u00e3o, corra!<\/strong> Pois deixar para \u00faltima hora pode ser uma <strong>p\u00e9ssima id\u00e9ia<\/strong>, pois os computadores e a internet da Receita Federal costumam ficar sobrecarregados e lentos nesses dias&#8230; \ud83d\ude09<\/p>\n<h5>Fonte: Ag\u00eancia Brasil, &#8220;<a title=\"Receita avisa que prazo para entrega da declara\u00e7\u00e3o n\u00e3o ser\u00e1 prorrogado\" href=\"http:\/\/www.agenciabrasil.gov.br\/noticias\/2009\/04\/29\/materia.2009-04-29.6957135266\/view\" target=\"_blank\">Receita avisa que prazo para entrega da declara\u00e7\u00e3o n\u00e3o ser\u00e1 prorrogado<\/a>&#8220;;<\/h5><\/p>\n","protected":false},"excerpt":{"rendered":"<p>Acerte suas contas com o le\u00e3o.<\/p>\n<p>Todo ano \u00e9 sempre a mesma coisa:separar documentos, recibos, comprovantes, tudo para acertar as contas, mas vale sempre lembrar os mais desavisados: Amanh\u00e3 (30\/04\/2009) \u00e9 o \u00faltimo dia para enviar entregar a declara\u00e7\u00e3o do imposto de renda de 2008&#8230; <a href=\"https:\/\/www.reinaldo.pro.br\/blog\/2009\/04\/29\/nao-esqueca-irpf-2009\/\">Continue reading <span class=\"meta-nav\">&rarr;<\/span><\/a><\/p>\n","protected":false},"author":1,"featured_media":0,"comment_status":"open","ping_status":"open","sticky":false,"template":"","format":"standard","meta":[],"categories":[3,134],"tags":[282,284,946,943,814,283,815],"_links":{"self":[{"href":"https:\/\/www.reinaldo.pro.br\/blog\/wp-json\/wp\/v2\/posts\/1348"}],"collection":[{"href":"https:\/\/www.reinaldo.pro.br\/blog\/wp-json\/wp\/v2\/posts"}],"about":[{"href":"https:\/\/www.reinaldo.pro.br\/blog\/wp-json\/wp\/v2\/types\/post"}],"author":[{"embeddable":true,"href":"https:\/\/www.reinaldo.pro.br\/blog\/wp-json\/wp\/v2\/users\/1"}],"replies":[{"embeddable":true,"href":"https:\/\/www.reinaldo.pro.br\/blog\/wp-json\/wp\/v2\/comments?post=1348"}],"version-history":[{"count":0,"href":"https:\/\/www.reinaldo.pro.br\/blog\/wp-json\/wp\/v2\/posts\/1348\/revisions"}],"wp:attachment":[{"href":"https:\/\/www.reinaldo.pro.br\/blog\/wp-json\/wp\/v2\/media?parent=1348"}],"wp:term":[{"taxonomy":"category","embeddable":true,"href":"https:\/\/www.reinaldo.pro.br\/blog\/wp-json\/wp\/v2\/categories?post=1348"},{"taxonomy":"post_tag","embeddable":true,"href":"https:\/\/www.reinaldo.pro.br\/blog\/wp-json\/wp\/v2\/tags?post=1348"}],"curies":[{"name":"wp","href":"https:\/\/api.w.org\/{rel}","templated":true}]}}