
{"id":1372,"date":"2009-05-10T20:15:19","date_gmt":"2009-05-10T23:15:19","guid":{"rendered":"http:\/\/reinaldo.pro.br\/blog\/?p=1372"},"modified":"2009-05-10T20:15:19","modified_gmt":"2009-05-10T23:15:19","slug":"o-que-e-absenteismo-e-presenteismo","status":"publish","type":"post","link":"https:\/\/www.reinaldo.pro.br\/blog\/2009\/05\/10\/o-que-e-absenteismo-e-presenteismo\/","title":{"rendered":"O que \u00e9 absente\u00edsmo e presente\u00edsmo?"},"content":{"rendered":"<h4>Vivendo e aprendendo&#8230;<\/h4>\n<p style=\"text-align: center;\"><img src=\"http:\/\/farm4.static.flickr.com\/3149\/2417428845_f4a39418c7.jpg\" border=\"0\" alt=\"Face of Stress\" \/><br \/>\n<small><a title=\"Attribution-NonCommercial-NoDerivs License\" href=\"http:\/\/creativecommons.org\/licenses\/by-nc-nd\/2.0\/\" target=\"_blank\"><img loading=\"lazy\" src=\"http:\/\/reinaldo.pro.br\/blog\/wp-content\/plugins\/photo-dropper\/images\/cc.png\" border=\"0\" alt=\"Creative Commons License\" width=\"16\" height=\"16\" align=\"absmiddle\" \/><\/a> <a href=\"http:\/\/www.photodropper.com\/photos\/\" target=\"_blank\">photo<\/a> credit: <a title=\"Roslan Tangah (aka Rasso)\" href=\"http:\/\/www.flickr.com\/photos\/64035246@N00\/2417428845\/\" target=\"_blank\">Roslan Tangah (aka Rasso)<\/a><\/small><\/p>\n<p><strong>Mais duas que aprendi: Absente\u00edsmo e Presente\u00edsmo.<\/strong> Ao ler uma reportagem da <a title=\"Carreira saud\u00e1vel: aprenda a fugir do estresse\" href=\"http:\/\/computerworld.uol.com.br\/carreira\/2009\/05\/07\/carreira-saudavel-aprenda-a-fugir-do-estresse\/\" target=\"_blank\">Computer World<\/a>, me deparei com essas duas palavras. O texto era sobre <em>stress<\/em> no trabalho e como todo mundo que trabalha diretamente com <strong>TI vive estressado<\/strong>. Segundo pesquisa da consultoria SWNS, 97% dos profissionais do setor de TI, sofrem de estresse em seu ambiente de trabalho, maior \u00edndice entre todas as \u00e1reas profissionais.<\/p>\n<p>Mas voltando as duas palavrinhas:<\/p>\n<p><strong>Absente\u00edsmo:<\/strong> \u00e9 o termo utilizado para <strong>indicar a aus\u00eancia<\/strong> do empregado no processo do trabalho, por falta, atraso, doen\u00e7a ou algum outro motivo. Segundo a Wikipedia:<\/p>\n<blockquote><p>[&#8230;] Ter funcion\u00e1rios nem sempre significa t\u00ea-los trabalhando durante todos os momentos do hor\u00e1rio de trabalho. As aus\u00eancias dos empregados ao trabalho provocam distor\u00e7\u00f5es quando se refere ao volume e disponibilidade ou atraso de trabalho. Essas aus\u00eancias s\u00e3o as faltas ou atrasos ao trabalho. O absente\u00edsmo \u00e9 a principal conseq\u00fc\u00eancia. O oposto do absente\u00edsmo \u00e9 a presen\u00e7a. Esta relacionada com o tempo em que o funcion\u00e1rio est\u00e1 no trabalho.<\/p>\n<p>O absente\u00edsmo ou ausentismo \u00e9 a freq\u00fc\u00eancia ou dura\u00e7\u00e3o de tempo de trabalho perdido quando os empregados n\u00e3o v\u00e3o ao trabalho. O absente\u00edsmo constitui a soma dos per\u00edodos em que os funcion\u00e1rios se encontram ausentes do trabalho, seja ela por falta ou algum motivo de atraso. [&#8230;]<\/p><\/blockquote>\n<p><strong>Presente\u00edsmo:<\/strong> Este termo \u00e9 utilizado quando o empregado <strong>est\u00e1 presente<\/strong> no trabalho mas n\u00e3o consegue ser produtivo, devido a fatores como falta de motiva\u00e7\u00e3o, dores (nas costas, cabe\u00e7a, m\u00e3os&#8230;), ins\u00f4nia, ang\u00fastia, irrita\u00e7\u00e3o, cansa\u00e7o entre outros.<\/p>\n<p><strong>Iniciativa das empresas:<\/strong> Um ponto interessante do artigo \u00e9 a iniciativa de algumas empresas em criar projetos que visam melhorar o ambiente de trabalho e assim manter o equil\u00edbrio f\u00edsico e mental dos seus profissionais. Ganha o empregado em qualidade de vida e a empresa em aumento de produtividade e redu\u00e7\u00e3o dos afastamentos por licen\u00e7a m\u00e9dica. Conforme citado no artigo &#8220;Carreira saud\u00e1vel: aprenda a fugir do estresse&#8221;, dois exemplos praticados pelas empresas BMS e AES Telecom:<\/p>\n<blockquote><p>[&#8230;] Um exemplo \u00e9 Denise Barbezani, secret\u00e1ria-executiva da empresa BMC, que desenvolve software. Ela afirma que a academia paga pela empresa e a possibilidade que tem de conciliar suas necessidades familiares com profissionais ajudam muito no dia-a-dia profissional e na sa\u00fade. A sala de descompress\u00e3o que a empresa oferece, com jogos, TVs, frutas e alimentos saud\u00e1veis tamb\u00e9m ganha destaque. \u201cHoje, me sinto mais jovem do que quando ingressei na empresa, h\u00e1 cerca de 4 anos\u201d, comemora.<\/p>\n<p>M\u00e1rio J\u00falio, funcion\u00e1rio da AES Telecom, tamb\u00e9m tira proveito de um programa da empresa para promover sua pr\u00f3pria sa\u00fade. O profissional aderiu a um programa de corrida, com acompanhamento profissional e possibilidade de inscri\u00e7\u00e3o em eventos nacionais. Segundo ele, os treinamentos auxiliam na sua sa\u00fade e evitam doen\u00e7as, mas tamb\u00e9m colaboram muito na integra\u00e7\u00e3o com outros funcion\u00e1rios e promovem um ambiente mais saud\u00e1vel. [&#8230;]<\/p><\/blockquote>\n<p>\ud83d\udca1 Se voc\u00ea vive estressado no trabalho, mande esta sugest\u00e3o para sua empresa ou ent\u00e3o mude de empresa&#8230; \ud83d\ude09<\/p>\n<h5>Fontes:<br \/>\nComputerWorld &#8220;<a title=\"Carreira saud\u00e1vel: aprenda a fugir do estresse\" href=\"http:\/\/computerworld.uol.com.br\/carreira\/2009\/05\/07\/carreira-saudavel-aprenda-a-fugir-do-estresse\/\" target=\"_blank\">Carreira saud\u00e1vel: aprenda a fugir do estresse<\/a>&#8220;;<br \/>\nWikipedia: &#8220;<a title=\"Absente\u00edsmo\" href=\"http:\/\/pt.wikipedia.org\/wiki\/Absente%C3%ADsmo\" target=\"_blank\">Absente\u00edsmo<\/a>&#8220;;<br \/>\nOGerente.com: &#8220;<a title=\"Absente\u00edsmo e Presente\u00edsmo.\" href=\"http:\/\/www.ogerente.com.br\/novo\/colunas_ler.php?canal=6&amp;canallocal=53&amp;canalsub2=177&amp;id=839\" target=\"_blank\">Absente\u00edsmo e Presente\u00edsmo<\/a>&#8220;.<\/h5><\/p>\n","protected":false},"excerpt":{"rendered":"<p>Vivendo e aprendendo&#8230;<\/p>\n<p>Mais duas que aprendi: Absente\u00edsmo e Presente\u00edsmo. Ao ler uma reportagem da Computer World, me deparei com essas duas palavras. O texto era sobre stress no trabalho e como todo mundo que trabalha diretamente com TI vive estressado. Segundo pesquisa da&#8230; <a href=\"https:\/\/www.reinaldo.pro.br\/blog\/2009\/05\/10\/o-que-e-absenteismo-e-presenteismo\/\">Continue reading <span class=\"meta-nav\">&rarr;<\/span><\/a><\/p>\n","protected":false},"author":1,"featured_media":0,"comment_status":"open","ping_status":"open","sticky":false,"template":"","format":"standard","meta":[],"categories":[26,24,59],"tags":[823,826,827,824,825,929],"_links":{"self":[{"href":"https:\/\/www.reinaldo.pro.br\/blog\/wp-json\/wp\/v2\/posts\/1372"}],"collection":[{"href":"https:\/\/www.reinaldo.pro.br\/blog\/wp-json\/wp\/v2\/posts"}],"about":[{"href":"https:\/\/www.reinaldo.pro.br\/blog\/wp-json\/wp\/v2\/types\/post"}],"author":[{"embeddable":true,"href":"https:\/\/www.reinaldo.pro.br\/blog\/wp-json\/wp\/v2\/users\/1"}],"replies":[{"embeddable":true,"href":"https:\/\/www.reinaldo.pro.br\/blog\/wp-json\/wp\/v2\/comments?post=1372"}],"version-history":[{"count":0,"href":"https:\/\/www.reinaldo.pro.br\/blog\/wp-json\/wp\/v2\/posts\/1372\/revisions"}],"wp:attachment":[{"href":"https:\/\/www.reinaldo.pro.br\/blog\/wp-json\/wp\/v2\/media?parent=1372"}],"wp:term":[{"taxonomy":"category","embeddable":true,"href":"https:\/\/www.reinaldo.pro.br\/blog\/wp-json\/wp\/v2\/categories?post=1372"},{"taxonomy":"post_tag","embeddable":true,"href":"https:\/\/www.reinaldo.pro.br\/blog\/wp-json\/wp\/v2\/tags?post=1372"}],"curies":[{"name":"wp","href":"https:\/\/api.w.org\/{rel}","templated":true}]}}