
{"id":1426,"date":"2009-05-27T00:14:22","date_gmt":"2009-05-27T03:14:22","guid":{"rendered":"http:\/\/reinaldo.pro.br\/blog\/?p=1426"},"modified":"2009-05-27T00:14:22","modified_gmt":"2009-05-27T03:14:22","slug":"dia-do-desafio-2009-em-florianopolis-cade","status":"publish","type":"post","link":"https:\/\/www.reinaldo.pro.br\/blog\/2009\/05\/27\/dia-do-desafio-2009-em-florianopolis-cade\/","title":{"rendered":"Dia do Desafio 2009 em Florian\u00f3polis. Cad\u00ea?!"},"content":{"rendered":"<h4><em>Challenge Day!<\/em> Voc\u00ea se mexe e o mundo mexe junto!<\/h4>\n<p><img loading=\"lazy\" class=\"aligncenter\" title=\"Dia do Desafio 2009 - Challenge Day 2009\" src=\"http:\/\/reinaldoy.wordpress.com\/files\/2009\/05\/dia_desafio_2009.jpg\" alt=\"\" width=\"480\" height=\"223\" \/><strong>\ud83d\udca1 Cad\u00ea o dia do desafio Floripa?!<\/strong> Para uma cidade que se gaba em dizer que \u00e9 uma das melhores em qualidade de vida, que quer sediar a copa do mundo 2014, que diz incentivar a pr\u00e1tica de esportes e promover o turismo, n\u00e3o ter <strong>nenhuma divulga\u00e7\u00e3o<\/strong> (nem no <em>site<\/em> da <a title=\"Prefeitura de Florian\u00f3polis\" href=\"http:\/\/www.pmf.sc.gov.br\" target=\"_blank\">prefeitura<\/a>, nem no pr\u00f3prio <em>site<\/em> do <a title=\"SESC Santa Catarina\" href=\"http:\/\/www.sesc-sc.com.br\" target=\"_blank\">SESC-SC<\/a> e nem na <a title=\"Di\u00e1rio Catarinense\" href=\"http:\/\/www.clicrbs.com.br\/diariocatarinense\/jsp\/default.jsp?uf=2&amp;local=18&amp;section=capa_online\" target=\"_blank\">m\u00eddia local<\/a>&#8230;) a respeito deste evento \u00e9 um tremendo gol contra. \ud83d\ude41 A \u00faltima not\u00edcia que encontrei foi da participa\u00e7\u00e3o da cidade em 2007. E 2008? E 2009? Acho que a cidade de Florian\u00f3polis, capital de Santa Catarina n\u00e3o ir\u00e1 participar&#8230; \ud83d\ude15<\/p>\n<p>O &#8220;<strong><em>Challenge Day<\/em><\/strong>&#8221; ou o &#8220;<strong>Dia do Desafio<\/strong>&#8221; foi criado com a inten\u00e7\u00e3o de chamar a aten\u00e7\u00e3o das pessoas para a necessidade da pr\u00e1tica di\u00e1ria de atividades f\u00edsicas, esportivas e dos cuidados com\u00a0 a sa\u00fade. A proposta \u00e9 que neste dia cada pessoa fa\u00e7a no m\u00ednimo quinze minutos de exerc\u00edcios. O evento tamb\u00e9m prop\u00f5e que cidades do mundo todo fa\u00e7am uma esp\u00e9cie de &#8220;competi\u00e7\u00e3o&#8221; entre si para ver quem consegue promover a campanha com a maior quantidade de pessoas praticando atividades f\u00edsicas nesse dia, da\u00ed o sentido do nome &#8220;Dia do Desafio&#8221;. Um resumo a respeito deste dia, segundo o SESC-SP:<\/p>\n<blockquote><p>[&#8230;] O Dia do Desafio foi criado no Canad\u00e1 e vem sendo difundido mundialmente pela TAFISA &#8211; Trim &amp; Fitness International Sport for All Association, entidade alem\u00e3 de promo\u00e7\u00e3o do esporte para todos.<\/p>\n<p>Realizado anualmente, sempre na \u00faltima quarta-feira do m\u00eas de maio, o Dia do Desafio prop\u00f5e que as pessoas interrompam suas atividades rotineiras e pratiquem, qualquer tipo de atividade f\u00edsica.<\/p>\n<p>Nesse dia, cidades do mesmo porte estabelecem uma saud\u00e1vel competi\u00e7\u00e3o para tentar mobilizar a maior porcentagem de pessoas, em rela\u00e7\u00e3o ao n\u00famero oficial de habitantes.<\/p>\n<p>Na verdade, a competi\u00e7\u00e3o \u00e9 apenas est\u00edmulo \u00e0 participa\u00e7\u00e3o. Neste desafio, os grandes vencedores s\u00e3o os cidad\u00e3os que, al\u00e9m do corpo, exercitam a integra\u00e7\u00e3o social, a criatividade, a lideran\u00e7a e o esp\u00edrito comunit\u00e1rio. [&#8230;]<\/p><\/blockquote>\n<div style=\"width: 490px\" class=\"wp-caption aligncenter\"><img loading=\"lazy\" title=\"SESC Taubat\u00e9\" src=\"http:\/\/reinaldoy.wordpress.com\/files\/2009\/05\/dia_desafio_2009_sesc_taubate.jpg\" alt=\"Imagem do evento em 2008 no SESC Taubat\u00e9. Fonte: SESC-SP\" width=\"480\" height=\"300\" \/><p class=\"wp-caption-text\">Imagem dos participantes do evento em 2008 no SESC Taubat\u00e9. Fonte: SESC-SP<\/p><\/div>\n<p><strong>Os princ\u00edpios b\u00e1sicos que orientam a realiza\u00e7\u00e3o do Dia do Desafio: <\/strong><\/p>\n<ul>\n<li><strong>Acessibilidade<\/strong> &#8211; todos t\u00eam a oportunidade de participar, de acordo com seu potencial individual, sem qualquer restri\u00e7\u00e3o \u00e0 idade, condi\u00e7\u00e3o social, habilidade ou local onde vive.<\/li>\n<li><strong>Envolvimento<\/strong> &#8211; as id\u00e9ias nascem nas comunidades e todos participam e colaboram com o desenvolvimento da programa\u00e7\u00e3o. Um desafio \u00e0 criatividade!<\/li>\n<li><strong>Divers\u00e3o<\/strong> &#8211; o Dia do Desafio n\u00e3o busca \u00edndices esportivos. Fazer da atividade f\u00edsica um momento de divers\u00e3o \u00e9 um dos principais objetivos.<\/li>\n<li><strong>Diversidade<\/strong> &#8211; a\u00e7\u00f5es individuais ou programas coletivos s\u00e3o op\u00e7\u00f5es para quem quer participar. Sempre existe uma atividade adequada \u00e0 condi\u00e7\u00e3o e interesse de cada indiv\u00edduo.<\/li>\n<li><strong>Confiabilidade<\/strong> &#8211; o cuidado e a honestidade na apura\u00e7\u00e3o e divulga\u00e7\u00e3o dos resultados garantem a confian\u00e7a o bom relacionamento entre as cidades.<\/li>\n<li><strong>Seguran\u00e7a<\/strong> &#8211; o Dia do Desafio privilegia a seguran\u00e7a dos participantes, selecionando atividades adequadas aos locais onde se realizam, em especial as que envolvem grandes multid\u00f5es.<\/li>\n<li><strong>Benef\u00edcios para a comunidade<\/strong> &#8211; uma comunidade saud\u00e1vel se forma com indiv\u00edduos saud\u00e1veis onde prevalece a integra\u00e7\u00e3o e a coopera\u00e7\u00e3o. O Dia do Desafio estimula a forma\u00e7\u00e3o do esp\u00edrito de coletividade.<\/li>\n<li><strong>Benef\u00edcios para a sa\u00fade<\/strong> &#8211; A pr\u00e1tica da atividade f\u00edsica di\u00e1ria promove grandes melhorias na condi\u00e7\u00e3o de sa\u00fade. O Dia do Desafio alerta as popula\u00e7\u00f5es para esta necessidade.<\/li>\n<\/ul>\n<p><strong>Um v\u00eddeo desenvolvido pelo SESC-SP para divulgar o evento:<\/strong><\/p>\n<p style=\"text-align: center;\"><object width=\"425\" height=\"344\" data=\"http:\/\/www.youtube.com\/v\/RsrxFrseEIM&amp;hl=pt-br&amp;fs=1\" type=\"application\/x-shockwave-flash\"><param name=\"allowFullScreen\" value=\"true\" \/><param name=\"allowscriptaccess\" value=\"always\" \/><param name=\"src\" value=\"http:\/\/www.youtube.com\/v\/RsrxFrseEIM&amp;hl=pt-br&amp;fs=1\" \/><param name=\"allowfullscreen\" value=\"true\" \/><\/object><\/p>\n<p>\ud83d\udca1 Se voc\u00ea quiser mais informa\u00e7\u00f5es a respeito do Dia do Desafio, o <a title=\"Site do Dia do Desafio no SESC-SP\" href=\"http:\/\/www2.sescsp.org.br\/sesc\/hotsites\/diadodesafio\/index.htm\" target=\"_blank\">SESC de S\u00e3o Paulo tem um site completo a respeito do evento e das cidades participantes!<\/a> <strong>Mexa-se, passe por l\u00e1! \ud83d\ude09<\/strong><\/p>\n","protected":false},"excerpt":{"rendered":"<p>Challenge Day! Voc\u00ea se mexe e o mundo mexe junto!<\/p>\n<p>\ud83d\udca1 Cad\u00ea o dia do desafio Floripa?! Para uma cidade que se gaba em dizer que \u00e9 uma das melhores em qualidade de vida, que quer sediar a copa do mundo 2014, que diz incentivar a pr\u00e1tica de esportes e promover o turismo em Florian\u00f3polis, n\u00e3o ter nenhuma divulga\u00e7\u00e3o (nem no site da prefeitura, nem no pr\u00f3prio site do SESC-SC e nem na m\u00eddia local&#8230;) a respeito deste evento \u00e9 um tremendo gol contra. \ud83d\ude41 A \u00faltima not\u00edcia que encontrei foi da participa\u00e7\u00e3o da cidade em&#8230; <a href=\"https:\/\/www.reinaldo.pro.br\/blog\/2009\/05\/27\/dia-do-desafio-2009-em-florianopolis-cade\/\">Continue reading <span class=\"meta-nav\">&rarr;<\/span><\/a><\/p>\n","protected":false},"author":1,"featured_media":0,"comment_status":"open","ping_status":"open","sticky":false,"template":"","format":"standard","meta":[],"categories":[37,180,26,24],"tags":[],"_links":{"self":[{"href":"https:\/\/www.reinaldo.pro.br\/blog\/wp-json\/wp\/v2\/posts\/1426"}],"collection":[{"href":"https:\/\/www.reinaldo.pro.br\/blog\/wp-json\/wp\/v2\/posts"}],"about":[{"href":"https:\/\/www.reinaldo.pro.br\/blog\/wp-json\/wp\/v2\/types\/post"}],"author":[{"embeddable":true,"href":"https:\/\/www.reinaldo.pro.br\/blog\/wp-json\/wp\/v2\/users\/1"}],"replies":[{"embeddable":true,"href":"https:\/\/www.reinaldo.pro.br\/blog\/wp-json\/wp\/v2\/comments?post=1426"}],"version-history":[{"count":0,"href":"https:\/\/www.reinaldo.pro.br\/blog\/wp-json\/wp\/v2\/posts\/1426\/revisions"}],"wp:attachment":[{"href":"https:\/\/www.reinaldo.pro.br\/blog\/wp-json\/wp\/v2\/media?parent=1426"}],"wp:term":[{"taxonomy":"category","embeddable":true,"href":"https:\/\/www.reinaldo.pro.br\/blog\/wp-json\/wp\/v2\/categories?post=1426"},{"taxonomy":"post_tag","embeddable":true,"href":"https:\/\/www.reinaldo.pro.br\/blog\/wp-json\/wp\/v2\/tags?post=1426"}],"curies":[{"name":"wp","href":"https:\/\/api.w.org\/{rel}","templated":true}]}}