
{"id":1603,"date":"2010-01-31T14:04:52","date_gmt":"2010-01-31T16:04:52","guid":{"rendered":"http:\/\/reinaldo.pro.br\/blog\/?p=1603"},"modified":"2010-01-31T14:04:52","modified_gmt":"2010-01-31T16:04:52","slug":"contem-glutem","status":"publish","type":"post","link":"https:\/\/www.reinaldo.pro.br\/blog\/2010\/01\/31\/contem-glutem\/","title":{"rendered":"Cont\u00e9m gl\u00fatem&#8230;"},"content":{"rendered":"<h4>Voc\u00ea sabe o que \u00e9 a doen\u00e7a cel\u00edaca?<\/h4>\n<p style=\"text-align: center;\"><img src=\"http:\/\/farm2.static.flickr.com\/1147\/540926535_6117cae4b9.jpg\" border=\"0\" alt=\"Gluten Free Aisle\" \/><br \/>\n<small><a title=\"Attribution-ShareAlike License\" href=\"http:\/\/creativecommons.org\/licenses\/by-sa\/2.0\/\" target=\"_blank\"><img loading=\"lazy\" src=\"http:\/\/reinaldo.pro.br\/blog\/wp-content\/plugins\/photo-dropper\/images\/cc.png\" border=\"0\" alt=\"Creative Commons License\" width=\"16\" height=\"16\" align=\"absmiddle\" \/><\/a> <a href=\"http:\/\/www.photodropper.com\/photos\/\" target=\"_blank\">photo<\/a> credit: <a title=\"Whatsername?\" href=\"http:\/\/www.flickr.com\/photos\/47473221@N00\/540926535\/\" target=\"_blank\">Whatsername?<\/a><\/small><\/p>\n<p><strong>Cont\u00e9m gl\u00fatem ou n\u00e3o cont\u00e9m gl\u00fatem? Eis a quest\u00e3o&#8230; <\/strong>\ud83d\ude15 at\u00e9 conhecer pessoas que sofriam da doen\u00e7a cel\u00edaca e obter mais informa\u00e7\u00f5es a respeito, para meu olhar de leigo pelas prateleiras do supermercado, a informa\u00e7\u00e3o &#8220;cont\u00e9m gl\u00fatem&#8221; ou &#8220;n\u00e3o cont\u00e9m gl\u00fatem&#8221; nas embalagens n\u00e3o passava de um simples <span style=\"text-decoration: line-through;\">componente<\/span> ingrediente, que sei l\u00e1, algo parecido como cont\u00e9m vitamina &#8220;x&#8221; ou algo do tipo que agregasse mais valor a um determinado tipo de produto. E \u00e9 a essa mesma conclus\u00e3o que chegou a Segunda Turma do Superior Tribunal de Justi\u00e7a ao determinar que embalagens de <a class=\"bbli\" href=\"http:\/\/sledge.boo-box.com\/list\/page\/YWxpbWVudG9zXyMjX2JveF8jI190YWdnaW5nLXRvb2wtd3BfIyNfMzkxMQ==-60\">alimentos<img class=\"bbic\" src=\"http:\/\/boo-box.com\/bbli\" alt=\"[bb]\" \/><\/a> que contenham gl\u00faten devem n\u00e3o apenas comunicar a presen\u00e7a da subst\u00e2ncia, <strong>mas tamb\u00e9m informar sobre a doen\u00e7a cel\u00edaca<\/strong>, que constitui uma intoler\u00e2ncia a essa prote\u00edna. Segundo a reportagem da Ag\u00eancia Brasil:<\/p>\n<blockquote><p>Para o MP, os cel\u00edacos (portadores dessa intoler\u00e2ncia) t\u00eam direito a serem informados e advertidos claramente dos riscos dos produtos e que apenas a express\u00e3o \u201ccont\u00e9m gl\u00faten\u201d seria insuficiente. Alimentos que cont\u00e9m gl\u00faten s\u00e3o derivados de trigo, cevada e aveia.<\/p>\n<p>A nutricionista Elisa Fernanda Silva afirma que a inclus\u00e3o da inscri\u00e7\u00e3o &#8220;cont\u00e9m gl\u00faten&#8221; nas embalagens \u00e9 antiga e causou certa confus\u00e3o na \u00e9poca em que come\u00e7ou a ser adotada. Segundo ela, os consumidores passaram a associar a subst\u00e2ncia a algo que seria uma qualidade ou um defeito do alimento. \u201cAs pessoas diziam, n\u00e3o tem gl\u00faten ent\u00e3o n\u00e3o \u00e9 bom, ou at\u00e9 mesmo, \u00e9 melhor porque cont\u00e9m gl\u00faten\u201d, disse.<\/p>\n<p>De acordo com a especialista, o consumo de gl\u00faten em pacientes cel\u00edacos pode acarretar em problemas como diarreia e perda de peso.<\/p><\/blockquote>\n<p>A inten\u00e7\u00e3o de colocar mais informa\u00e7\u00f5es a respeito da doen\u00e7a cel\u00edaca \u00e9 v\u00e1lida, pois muitas vezes os sintomas da doen\u00e7a s\u00e3o vari\u00e1veis e confundidos com outras enfermidades o que leva o paciente a receber outro tipo de tratamento. Algumas pessoas tem a doen\u00e7a e muitas vezes nem sabe&#8230; \ud83d\ude10<\/p>\n<p><strong>O que \u00e9 a doen\u00e7a cel\u00edaca?<\/strong> A FENACELBRA (Federa\u00e7\u00e3o Nacional das Associa\u00e7\u00f5es de Cel\u00edacos do Brasil), define a doen\u00e7a cel\u00edaca como:<\/p>\n<p>A doen\u00e7a cel\u00edaca \u00e9 uma condi\u00e7\u00e3o cr\u00f4nica que afeta principalmente o\u00a0 intestino delgado. \u00c9 uma intoler\u00e2ncia\u00a0 permanente ao gl\u00faten, uma prote\u00edna encontrada no trigo, centeio, cevada, aveia e malte. Nos indiv\u00edduos afetados, a ingest\u00e3o de gl\u00faten causa danos \u00e0s pequenas\u00a0 protrus\u00f5es, ou vilos, que revestem a parede do intestino delgado. Esta condi\u00e7\u00e3o possui outros nomes, tais como espru cel\u00edaco e enteropatia gl\u00faten-sens\u00edvel. A doen\u00e7a cel\u00edaca \u00e9 considerada uma desordem autoimune, na qual o organismo ataca a si mesmo. Os sintomas podem surgir em qualquer idade ap\u00f3s o gl\u00faten ser introduzido na dieta.<\/p>\n<p><strong>Quais s\u00e3o os sintomas da doen\u00e7a cel\u00edaca?<\/strong> Os sintomas intestinais incluem diarr\u00e9ia cr\u00f4nica ou pris\u00e3o de ventre, incha\u00e7o e flatul\u00eancia, irritabilidade, e pouco ganho de peso. Os pacientes podem apresentar atraso de crescimento e da puberdade, anemia da car\u00eancia de ferro, osteopenia ou osteoporose, exames anormais de f\u00edgado, e uma erup\u00e7\u00e3o na pele que faz co\u00e7ar chamada dermatite herpetiforme. A <a class=\"bbli\" href=\"http:\/\/sledge.boo-box.com\/list\/page\/ZG9lbiVFN2ErY2VsJUVEYWNhXyMjX2JveF8jI190YWdnaW5nLXRvb2wtd3BfIyNfMzkxMQ==-72\">doen\u00e7a cel\u00edaca<img class=\"bbic\" src=\"http:\/\/boo-box.com\/bbli\" alt=\"[bb]\" \/><\/a> tamb\u00e9m pode n\u00e3o apresentar nenhum sintoma.<\/p>\n<p><strong>Como a doen\u00e7a cel\u00edaca \u00e9 diagnosticada?<\/strong> A doen\u00e7a cel\u00edaca pode levar anos para ser\u00a0 diagnosticada. Os exames de sangue s\u00e3o muito utilizados na detec\u00e7\u00e3o da doen\u00e7a cel\u00edaca. Os exames do anticorpo anti-transglutaminase tecidular (AAT) e do anticorpo anti-endom\u00edcio (AAE) s\u00e3o altamente precisos e confi\u00e1veis, mas insuficientes para um diagn\u00f3stico.\u00a0 A doen\u00e7a cel\u00edaca deve ser confirmada encontrando-se certas mudan\u00e7as nos vilos que revestem a parede do intestino delgado. Para ver essas mudan\u00e7as, uma amostra de tecido do intestino delgado \u00e9 colhida atrav\u00e9s de um procedimento chamado endoscopia com bi\u00f3psia. (Um instrumento flex\u00edvel como uma sonda \u00e9 inserido atrav\u00e9s da boca, passa pela garganta e pelo est\u00f4mago, e chega ao intestino delgado para obter pequenas amostras de tecido).<\/p>\n<p>V\u00eddeo do Fant\u00e1stico com o doutor Drauzio Varela sobre a intoler\u00e2ncia a alimentos que cont\u00e9m o gl\u00fatem:<\/p>\n<p style=\"text-align: center;\"><object classid=\"clsid:d27cdb6e-ae6d-11cf-96b8-444553540000\" width=\"480\" height=\"392\" codebase=\"http:\/\/download.macromedia.com\/pub\/shockwave\/cabs\/flash\/swflash.cab#version=6,0,40,0\"><param name=\"quality\" value=\"high\" \/><param name=\"FlashVars\" value=\"midiaId=1175532&amp;autoStart=false&amp;width=480&amp;height=392\" \/><param name=\"src\" value=\"http:\/\/video.globo.com\/Portal\/videos\/cda\/player\/player.swf\" \/><param name=\"flashvars\" value=\"midiaId=1175532&amp;autoStart=false&amp;width=480&amp;height=392\" \/><embed type=\"application\/x-shockwave-flash\" width=\"480\" height=\"392\" src=\"http:\/\/video.globo.com\/Portal\/videos\/cda\/player\/player.swf\" flashvars=\"midiaId=1175532&amp;autoStart=false&amp;width=480&amp;height=392\" quality=\"high\"><\/embed><\/object><\/p>\n<p style=\"text-align: left;\">\n<p style=\"text-align: left;\">\ud83d\udca1 E o tratamento basicamente \u00e9: <strong>ficar longe de tudo que cont\u00e9m gl\u00fatem<\/strong>. Nossa! \ud83d\ude2f Nem sei como eu sobreviveria tendo que evitar comer massas, bolos, biscoitos, cereais, etc&#8230; seria uma tristeza&#8230; \ud83d\ude41<\/p>\n<h5>Fontes:<br \/>\nAg\u00eancia Brasil: &#8220;<a title=\"Embalagem de alimentos que cont\u00eam gl\u00faten deve alertar sobre doen\u00e7a cel\u00edaca, diz STJ\" href=\"http:\/\/www.agenciabrasil.gov.br\/noticias\/2010\/01\/27\/materia.2010-01-27.4724298721\/view\" target=\"_blank\">Embalagem de alimentos que cont\u00eam gl\u00faten deve alertar sobre doen\u00e7a cel\u00edaca, diz STJ<\/a>&#8220;;<br \/>\nFedera\u00e7\u00e3o Nacional das Associa\u00e7\u00f5es de Cel\u00edacos do Brasil: &#8220;<a title=\"Federa\u00e7\u00e3o Nacional das Associa\u00e7\u00f5es de Cel\u00edacos do Brasil\" href=\"http:\/\/www.doencaceliaca.com.br\" target=\"_blank\">FENACELBRA<\/a>&#8220;;<br \/>\nFant\u00e1stico (13\/12\/2009): <span class=\"bbused\">&#8220;<a title=\"Intoler\u00e2ncia ao gl\u00faten afeta 1 milh\u00e3o de brasileiros\" href=\"http:\/\/fantastico.globo.com\/Jornalismo\/FANT\/0,,MUL1413744-15605,00-INTOLERANCIA+AO+GLUTEN+AFETA+MILHAO+DE+BRASILEIROS.html\" target=\"_blank\">Intoler<\/a><\/span><a title=\"Intoler\u00e2ncia ao gl\u00faten afeta 1 milh\u00e3o de brasileiros\" href=\"http:\/\/fantastico.globo.com\/Jornalismo\/FANT\/0,,MUL1413744-15605,00-INTOLERANCIA+AO+GLUTEN+AFETA+MILHAO+DE+BRASILEIROS.html\" target=\"_blank\">\u00e2ncia ao gl\u00faten afeta 1 milh\u00e3o de brasileiros<\/a>&#8220;.<\/h5>\n<div id=\"_mcePaste\" style=\"overflow: hidden; position: absolute; left: -10000px; top: 0px; width: 1px; height: 1px;\">\n<h1 class=\"entry-title\">Intoler\u00e2ncia ao gl\u00faten afeta 1 milh\u00e3o de brasileiros<\/h1>\n<\/div>\n","protected":false},"excerpt":{"rendered":"<p>Voc\u00ea sabe o que \u00e9 a doen\u00e7a cel\u00edaca?<\/p>\n<p>Cont\u00e9m gl\u00fatem ou n\u00e3o cont\u00e9m gl\u00fatem? Eis a quest\u00e3o&#8230; \ud83d\ude15 at\u00e9 conhecer pessoas que sofriam da doen\u00e7a cel\u00edaca e obter mais informa\u00e7\u00f5es a respeito, para meu olhar de leigo pelas prateleiras do supermercado, a informa\u00e7\u00e3o &#8220;cont\u00e9m gl\u00fatem&#8221; ou &#8220;n\u00e3o cont\u00e9m gl\u00fatem&#8221; nas embalagens n\u00e3o passava de um simples&#8230;<br \/>\n <a href=\"https:\/\/www.reinaldo.pro.br\/blog\/2010\/01\/31\/contem-glutem\/\">Continue reading <span class=\"meta-nav\">&rarr;<\/span><\/a><\/p>\n","protected":false},"author":1,"featured_media":0,"comment_status":"open","ping_status":"open","sticky":false,"template":"","format":"standard","meta":[],"categories":[255,26,24],"tags":[140,882,491,881],"_links":{"self":[{"href":"https:\/\/www.reinaldo.pro.br\/blog\/wp-json\/wp\/v2\/posts\/1603"}],"collection":[{"href":"https:\/\/www.reinaldo.pro.br\/blog\/wp-json\/wp\/v2\/posts"}],"about":[{"href":"https:\/\/www.reinaldo.pro.br\/blog\/wp-json\/wp\/v2\/types\/post"}],"author":[{"embeddable":true,"href":"https:\/\/www.reinaldo.pro.br\/blog\/wp-json\/wp\/v2\/users\/1"}],"replies":[{"embeddable":true,"href":"https:\/\/www.reinaldo.pro.br\/blog\/wp-json\/wp\/v2\/comments?post=1603"}],"version-history":[{"count":0,"href":"https:\/\/www.reinaldo.pro.br\/blog\/wp-json\/wp\/v2\/posts\/1603\/revisions"}],"wp:attachment":[{"href":"https:\/\/www.reinaldo.pro.br\/blog\/wp-json\/wp\/v2\/media?parent=1603"}],"wp:term":[{"taxonomy":"category","embeddable":true,"href":"https:\/\/www.reinaldo.pro.br\/blog\/wp-json\/wp\/v2\/categories?post=1603"},{"taxonomy":"post_tag","embeddable":true,"href":"https:\/\/www.reinaldo.pro.br\/blog\/wp-json\/wp\/v2\/tags?post=1603"}],"curies":[{"name":"wp","href":"https:\/\/api.w.org\/{rel}","templated":true}]}}