
{"id":163,"date":"2007-08-28T10:14:35","date_gmt":"2007-08-28T13:14:35","guid":{"rendered":"http:\/\/www.reinaldo.pro.br\/blog\/2007\/08\/28\/porque-tenho-que-declarar-imposto-se-nao-tenho-renda\/"},"modified":"2008-03-16T08:38:27","modified_gmt":"2008-03-16T11:38:27","slug":"porque-tenho-que-declarar-imposto-se-nao-tenho-renda","status":"publish","type":"post","link":"https:\/\/www.reinaldo.pro.br\/blog\/2007\/08\/28\/porque-tenho-que-declarar-imposto-se-nao-tenho-renda\/","title":{"rendered":"Porque tenho que declarar imposto se n\u00e3o tenho renda?"},"content":{"rendered":"<p><!--adsense#RetGrande_336x280_Curiosidade--><\/p>\n<p><strong><span style=\"FONT-SIZE: 120%\"><strong>Voc\u00ea sabia que mesmo sendo isento, voc\u00ea deve se declarar para a Receita Federal?<\/strong><\/span><\/strong><\/p>\n<p style=\"TEXT-ALIGN: center\"><img loading=\"lazy\" src=\"http:\/\/farm2.static.flickr.com\/1322\/1258265096_2b2cce10bb_m.jpg\" style=\"BORDER-RIGHT: rgb(0,0,0) 2px solid; BORDER-TOP: rgb(0,0,0) 2px solid; DISPLAY: inline; BORDER-LEFT: rgb(0,0,0) 2px solid; WIDTH: 180px; BORDER-BOTTOM: rgb(0,0,0) 2px solid; HEIGHT: 240px\" title=\"Impostos, impostos...\" height=\"240\" width=\"180\" alt=\"Impostos, impostos...\"\/><\/p>\n<p>Pois \u00e9, nesse pa\u00eds at\u00e9 quando a gente n\u00e3o ganha nada (ou quase nada) tem que prestar as contas com a receita federal&#8230; \ud83d\ude2e<\/p>\n<p><strong>O motivo at\u00e9 que \u00e9 justific\u00e1vel:<\/strong> a inten\u00e7\u00e3o da declara\u00e7\u00e3o de isento \u00e9 tentar acabar com poss\u00edveis fraudes ao sistema de arrecada\u00e7\u00e3o, excluindo pessoas que j\u00e1 faleceram, duplica\u00e7\u00e3o de cadastros de contribuinte ou mesmo falsas declara\u00e7\u00f5es. Em resumo \u00e9 um &#8220;pente fino&#8221;, que \u00e9 realizado para deixar as coisas em ordem nos registros da fazenda.<\/p>\n<p><strong>Quem deve declarar?<\/strong> Segundo Fl\u00e1via Furlan Nunes&#8230;<\/p>\n<blockquote>\n<p>Todas as pessoas f\u00edsicas inscritas no CPF e que foram dispensadas da apresenta\u00e7\u00e3o da Declara\u00e7\u00e3o de Ajuste Anual do IRPF 2007 (quem teve rendimento tribut\u00e1vel inferior a R$ 14.992,32 em 2006) dever\u00e3o apresentar a Declara\u00e7\u00e3o Anual de Isento.<\/p>\n<p>Entretanto, o c\u00f4njuge ou companheiro que tenha declarado seus rendimentos em conjunto e o dependente, cujos n\u00fameros de inscri\u00e7\u00e3o no CPF tenham sido informados por contribuinte que apresentou a Declara\u00e7\u00e3o de Ajuste Anual 2007, n\u00e3o precisam efetuar a DAI.<\/p>\n<p>Al\u00e9m disso, a pessoa f\u00edsica inscrita no CPF no ano de 2007 e aquela que, mesmo dispensada, fez a Declara\u00e7\u00e3o de Ajuste Anual 2007 tamb\u00e9m n\u00e3o precisam declarar.<\/p>\n<\/blockquote>\n<p><strong>E quem n\u00e3o declara?<\/strong> Fica sujeito a uma s\u00e9rie de restri\u00e7\u00f5es veja:<\/p>\n<blockquote>\n<p>Lembrando que o contribuinte que deixar de apresentar a Declara\u00e7\u00e3o de Isento ficar\u00e1 com o CPF &#8220;pendente de regulariza\u00e7\u00e3o&#8221;, o que lhe trar\u00e1 problemas na hora de usar o documento. Caso o cidad\u00e3o n\u00e3o declare por dois anos seguidos, a inscri\u00e7\u00e3o ser\u00e1 suspensa.<\/p>\n<p>O CPF \u00e9 exigido na maioria das opera\u00e7\u00f5es no mercado: para abrir conta em banco, pedir credi\u00e1rio, tirar passaporte, participar de concursos p\u00fablicos, receber benef\u00edcios da Previd\u00eancia, participar de transa\u00e7\u00f5es em cart\u00f3rios etc.<\/p>\n<\/blockquote>\n<p><strong>E como <del>fa\u00e7o<\/del> fazer a declara\u00e7\u00e3o de isento?<\/strong> :-\/<\/p>\n<p>Conforme a Receita Federal, existem duas formas de fazer isso de maneiras r\u00e1pidas, pr\u00e1ticas e indolor \ud83d\ude1b :<\/p>\n<blockquote>\n<ul>\n<li>A declara\u00e7\u00e3o poder\u00e1 ser feita pela p\u00e1gina da Receita (<a href=\"http:\/\/www.receita.fazenda.gov.br\">www.receita.fazenda.gov.br<\/a>).<\/li>\n<li>O documento pode ser entregue tamb\u00e9m em lot\u00e9ricas, ag\u00eancias do Banco do Brasil, do Banco Popular do Brasil e da Caixa Aqui com taxa de R$ 1,00 e nos Correios por R$ 2,40.<\/li>\n<\/ul>\n<\/blockquote>\n<p><strong>Conclu\u00edndo:<\/strong> Se voc\u00ea j\u00e1 tem <strong>CPF<\/strong> e recebeu em <strong>2.006 algo menor que R$ 14.992,32<\/strong> declare-se como isento do dia 3 de setembro a 30 de novembro de 2.007 \ud83d\ude42<\/p>\n<p><\/p>\n<p><span style=\"FONT-SIZE: 83%\">Fontes:<\/span><\/p>\n<ul>\n<li><span style=\"FONT-SIZE: 83%\">InfoMoney &#8220;<a href=\"http:\/\/web.infomoney.com.br\/templates\/news\/view_rss.asp?codigo=784813&amp;path=\/suasfinancas\/\" title='Ler o artigo completo \"Receita espera que 64 milh\u00f5es de contribuintes fa\u00e7am Declara\u00e7\u00e3o de Isento\"'>Receita espera que 64 milh\u00f5es de contribuintes fa\u00e7am Declara\u00e7\u00e3o de Isento<\/a>&#8220;<\/span><\/li>\n<li><span style=\"FONT-SIZE: 83%\">Receita Federal: &#8220;<a href=\"http:\/\/www.receita.fazenda.gov.br\/AutomaticoSRFsinot\/2007\/08\/27\/2007_08_27_17_13_05_406770259.html\" title='ir para texto \"Declara\u00e7\u00e3o de Isento come\u00e7a dia 3 de setembro\"'>Declara\u00e7\u00e3o de Isento come\u00e7a dia 3 de setembro<\/a>&#8220;<\/span><\/li>\n<\/ul>\n","protected":false},"excerpt":{"rendered":"<p>Voc\u00ea sabia que mesmo sendo isento, voc\u00ea deve se declarar para a Receita Federal? Pois \u00e9, nesse pa\u00eds at\u00e9 quando a gente n\u00e3o ganha nada (ou quase nada) tem que prestar as contas com a receita federal&#8230; \ud83d\ude2e O motivo &hellip; <a href=\"https:\/\/www.reinaldo.pro.br\/blog\/2007\/08\/28\/porque-tenho-que-declarar-imposto-se-nao-tenho-renda\/\">Continue reading <span class=\"meta-nav\">&rarr;<\/span><\/a><\/p>\n","protected":false},"author":1,"featured_media":0,"comment_status":"open","ping_status":"open","sticky":false,"template":"","format":"standard","meta":[],"categories":[9,134,89,103],"tags":[900,937,943,927],"_links":{"self":[{"href":"https:\/\/www.reinaldo.pro.br\/blog\/wp-json\/wp\/v2\/posts\/163"}],"collection":[{"href":"https:\/\/www.reinaldo.pro.br\/blog\/wp-json\/wp\/v2\/posts"}],"about":[{"href":"https:\/\/www.reinaldo.pro.br\/blog\/wp-json\/wp\/v2\/types\/post"}],"author":[{"embeddable":true,"href":"https:\/\/www.reinaldo.pro.br\/blog\/wp-json\/wp\/v2\/users\/1"}],"replies":[{"embeddable":true,"href":"https:\/\/www.reinaldo.pro.br\/blog\/wp-json\/wp\/v2\/comments?post=163"}],"version-history":[{"count":0,"href":"https:\/\/www.reinaldo.pro.br\/blog\/wp-json\/wp\/v2\/posts\/163\/revisions"}],"wp:attachment":[{"href":"https:\/\/www.reinaldo.pro.br\/blog\/wp-json\/wp\/v2\/media?parent=163"}],"wp:term":[{"taxonomy":"category","embeddable":true,"href":"https:\/\/www.reinaldo.pro.br\/blog\/wp-json\/wp\/v2\/categories?post=163"},{"taxonomy":"post_tag","embeddable":true,"href":"https:\/\/www.reinaldo.pro.br\/blog\/wp-json\/wp\/v2\/tags?post=163"}],"curies":[{"name":"wp","href":"https:\/\/api.w.org\/{rel}","templated":true}]}}