
{"id":196,"date":"2007-09-21T19:19:20","date_gmt":"2007-09-21T22:19:20","guid":{"rendered":"http:\/\/reinaldo.pro.br\/blog\/2007\/09\/21\/voce-sabe-o-que-e-a-cpmf\/"},"modified":"2008-03-15T18:27:47","modified_gmt":"2008-03-15T21:27:47","slug":"voce-sabe-o-que-e-a-cpmf","status":"publish","type":"post","link":"https:\/\/www.reinaldo.pro.br\/blog\/2007\/09\/21\/voce-sabe-o-que-e-a-cpmf\/","title":{"rendered":"Voc\u00ea sabe o que \u00e9 a CPMF?"},"content":{"rendered":"<p><!--adsense#RetGrande_336x280--><\/p>\n<p><span style=\"FONT-SIZE: 1.2em\"><strong>Impostos, impostos e mais impostos&#8230; \ud83d\ude41<\/strong><\/span><\/p>\n<p style=\"TEXT-ALIGN: center\"><img loading=\"lazy\" src=\"http:\/\/farm2.static.flickr.com\/1218\/1419897160_2cc7f7fe6d.jpg?v=0\" style=\"BORDER-RIGHT: rgb(0,64,0) 2px solid; BORDER-TOP: rgb(0,64,0) 2px solid; DISPLAY: inline; BORDER-LEFT: rgb(0,64,0) 2px solid; WIDTH: 375px; BORDER-BOTTOM: rgb(0,64,0) 2px solid; HEIGHT: 500px\" title=\"Pensa Brasil!\" height=\"500\" width=\"375\" alt=\"Pensa Brasil!\"\/><\/p>\n<p style=\"TEXT-ALIGN: center\"><span style=\"FONT-SIZE: 0.75em\"><strong><em>&#8211; Brasil, mostra a tua cara; Quero ver quem paga; Pra gente ficar assim!<\/em><\/strong><\/span><\/p>\n<p><strong>Imposto &#8220;<em><a href=\"http:\/\/pt.wikipedia.org\/wiki\/Highlander\" target=\"_blank\">highlander<\/a><\/em>&#8220;? \ud83d\ude15<\/strong> : O que era para ser &#8220;provis\u00f3rio&#8221;, de novo <del>sobreviver\u00e1<\/del> sucumbir\u00e1 em nossos bolsos. Conforme informa a Ag\u00eancia Brasil:<\/p>\n<p>Bras\u00edlia &#8211; Desde que passou a vigorar, em 1997, a Contribui\u00e7\u00e3o Provis\u00f3ria sobre Movimenta\u00e7\u00e3o Financeira (CPMF) foi prorrogada tr\u00eas vezes. No pr\u00f3ximo m\u00eas de dezembro, vence mais um prazo de vig\u00eancia da contribui\u00e7\u00e3o. A Proposta de Emenda Constitucional (PEC) aprovada ontem (19) em primeiro turno na C\u00e2mara dos Deputados prorroga pela quarta vez a CPMF, desta vez at\u00e9 2011.<\/p>\n<p><strong>O que \u00e9 a CPMF?<\/strong> O prop\u00f3sito original da CPMF, quando foi elaborada em 1997, era de que os recursos arrecadados fossem destinados integralmente a investimentos na \u00e1rea da sa\u00fade. Depois, o dinheiro passou a ser utilizado tamb\u00e9m na Previd\u00eancia Social e no Fundo de Combate e Erradica\u00e7\u00e3o da Pobreza. No entanto, um levantamento do Sindicato Nacional dos Auditores Fiscais (Unafisco) aponta que, desde que foi criada a CPMF, 18% de sua arrecada\u00e7\u00e3o ficou com o Tesouro Nacional, sendo usada para outros fins. Inicialmente, a al\u00edquota era de 0,20%. Mas, em 1999, quando foi decidida a primeira prorroga\u00e7\u00e3o da contribui\u00e7\u00e3o, passou para 0,38%. Entre junho de 2000 e mar\u00e7o de 2001, a al\u00edquota do imposto caiu a 0,30% e a partir da\u00ed houve novo aumento, para 0,38%, percentual atualmente cobrado.<\/p>\n<p><strong>Momento &#8220;Eu tenho esperan\u00e7a no Brasil&#8221; \ud83d\ude42<\/strong> : <strong>Onde ser\u00e3o aplicados os recursos desse dinheiro?<\/strong><\/p>\n<p>A taxa\u00e7\u00e3o de 0,38% da CPMF sobre as movimenta\u00e7\u00f5es banc\u00e1rias est\u00e1 distribu\u00edda da seguinte forma:<\/p>\n<ul>\n<li>0,20% \u00e9 repassada para a \u00e1rea de sa\u00fade;<\/li>\n<li>0,10% para a Previd\u00eancia Social<\/li>\n<li>0,08% para programas de erradica\u00e7\u00e3o da pobreza.<\/li>\n<\/ul>\n<p><strong>Curiosidade:<\/strong> Desde que foi criada, em 1996, a CPMF j\u00e1 arrecadou R$ 203 bilh\u00f5es, segundo o Tesouro Nacional. <strong>\ud83d\ude2f<\/strong><\/p>\n<p><span style=\"FONT-SIZE: 0.75em\">Fontes:<\/span><\/p>\n<ul>\n<li>Ag\u00eancia Brasil: 19\/09\/2007 &#8211; &#8220;<a href=\"http:\/\/www.agenciabrasil.gov.br\/noticias\/2007\/09\/20\/materia.2007-09-20.7491652056\/view\" target=\"_blank\" title=\"Criada como provis\u00f3ria, CPMF foi reeditada tr\u00eas vezes\">Criada como provis\u00f3ria, CPMF foi reeditada tr\u00eas vezes<\/a>&#8220;<\/li>\n<li>Ag\u00eancia Brasil: 19\/09\/2007 &#8211; &#8220;<a href=\"http:\/\/www.agenciabrasil.gov.br\/noticias\/2007\/09\/19\/materia.2007-09-19.0100937248\/view\" target=\"_blank\" title=\"C\u00e2mara aprova em primeiro turno a proposta de prorroga\u00e7\u00e3o da cobran\u00e7a da CPMF\">C\u00e2mara aprova em primeiro turno a proposta de prorroga\u00e7\u00e3o da cobran\u00e7a da CPMF<\/a>&#8220;<\/li>\n<\/ul>\n","protected":false},"excerpt":{"rendered":"<p>Impostos, impostos e mais impostos&#8230; \ud83d\ude41 &#8211; Brasil, mostra a tua cara; Quero ver quem paga; Pra gente ficar assim! Imposto &#8220;highlander&#8220;? \ud83d\ude15 : O que era para ser &#8220;provis\u00f3rio&#8221;, de novo sobreviver\u00e1 sucumbir\u00e1 em nossos bolsos. Conforme informa a &hellip; <a href=\"https:\/\/www.reinaldo.pro.br\/blog\/2007\/09\/21\/voce-sabe-o-que-e-a-cpmf\/\">Continue reading <span class=\"meta-nav\">&rarr;<\/span><\/a><\/p>\n","protected":false},"author":1,"featured_media":0,"comment_status":"open","ping_status":"open","sticky":false,"template":"","format":"standard","meta":[],"categories":[103,53],"tags":[104,943,105,106],"_links":{"self":[{"href":"https:\/\/www.reinaldo.pro.br\/blog\/wp-json\/wp\/v2\/posts\/196"}],"collection":[{"href":"https:\/\/www.reinaldo.pro.br\/blog\/wp-json\/wp\/v2\/posts"}],"about":[{"href":"https:\/\/www.reinaldo.pro.br\/blog\/wp-json\/wp\/v2\/types\/post"}],"author":[{"embeddable":true,"href":"https:\/\/www.reinaldo.pro.br\/blog\/wp-json\/wp\/v2\/users\/1"}],"replies":[{"embeddable":true,"href":"https:\/\/www.reinaldo.pro.br\/blog\/wp-json\/wp\/v2\/comments?post=196"}],"version-history":[{"count":0,"href":"https:\/\/www.reinaldo.pro.br\/blog\/wp-json\/wp\/v2\/posts\/196\/revisions"}],"wp:attachment":[{"href":"https:\/\/www.reinaldo.pro.br\/blog\/wp-json\/wp\/v2\/media?parent=196"}],"wp:term":[{"taxonomy":"category","embeddable":true,"href":"https:\/\/www.reinaldo.pro.br\/blog\/wp-json\/wp\/v2\/categories?post=196"},{"taxonomy":"post_tag","embeddable":true,"href":"https:\/\/www.reinaldo.pro.br\/blog\/wp-json\/wp\/v2\/tags?post=196"}],"curies":[{"name":"wp","href":"https:\/\/api.w.org\/{rel}","templated":true}]}}