
{"id":200,"date":"2007-09-25T00:00:00","date_gmt":"2007-09-25T03:00:00","guid":{"rendered":"http:\/\/reinaldo.pro.br\/blog\/2007\/09\/25\/eu-nao-disse-coma-peixe\/"},"modified":"2008-03-15T17:10:31","modified_gmt":"2008-03-15T20:10:31","slug":"eu-nao-disse-coma-peixe","status":"publish","type":"post","link":"https:\/\/www.reinaldo.pro.br\/blog\/2007\/09\/25\/eu-nao-disse-coma-peixe\/","title":{"rendered":"Eu n\u00e3o disse? Coma peixe&#8230;"},"content":{"rendered":"<p><!--adsense#RetGrande_336x280_Saude--><\/p>\n<p><strong><span style=\"FONT-SIZE: 1.2em\"><strong>Eu disse, o ministro falou e at\u00e9 o tio Silvio recomendou&#8230;<\/strong><\/span><\/strong><\/p>\n<p style=\"TEXT-ALIGN: center\"><img loading=\"lazy\" src=\"http:\/\/farm2.static.flickr.com\/1186\/1436093728_9087db34dd.jpg?v=0\" style=\"BORDER-RIGHT: rgb(0,0,0) 1px solid; BORDER-TOP: rgb(0,0,0) 1px solid; DISPLAY: inline; BORDER-LEFT: rgb(0,0,0) 1px solid; WIDTH: 460px; BORDER-BOTTOM: rgb(0,0,0) 1px solid; HEIGHT: 327px\" title=\"Coma Peixe! \u00c9 bom!\" height=\"327\" width=\"460\" alt=\"Coma Peixe! \u00c9 bom!\"\/><\/p>\n<p>Em outro <em>post<\/em> comentei a respeito do <a href=\"http:\/\/reinaldo.pro.br\/blog\/2007\/09\/24\/coma-mais-peixe\/\" title=\"Coma mais peixe!\">consumo do peixe<\/a> e ontem o ministro apareceu na TV falando a respeito da campanha de consumo do peixe, comentou a respeito da import\u00e2ncia na alimenta\u00e7\u00e3o e na sa\u00fade e <em>antes<\/em> de <em>antes<\/em> de <em><strong>ontem<\/strong><\/em> o senhor $$ (Silvio Santos) tamb\u00e9m indicou um peixinho no prato \ud83d\ude42 . Algumas dicas s\u00e3o sempre \u00fateis, n\u00e3o importa a \u00e9poca, heheh&#8230; <strong><em>ent\u00e3o coma peixe, porque peixe \u00e9 bom pro corpo e bom pra cuca&#8230; ooi\u00ea\u00ea\u00ea&#8230; \ud83d\ude06<\/em><\/strong><\/p>\n<p><strong>Direto da Ag\u00eancia Brasil (2007):<\/strong><\/p>\n<blockquote>\n<p><strong>Governo e supermercados fazem campanha para incentivar consumo de peixe.<\/strong><\/p>\n<p>Bras\u00edlia &#8211; A Secretaria Especial de Aq\u00fcicultura e Pesca (Seap) e a Associa\u00e7\u00e3o Brasileira de Supermercados (Abras) iniciam amanh\u00e3 (17) campanha para divulgar a import\u00e2ncia do consumo de pescado para a qualidade de vida da popula\u00e7\u00e3o. Com a campanha, a Seap e a Abras pretendem tamb\u00e9m contribuir para o desenvolvimento do potencial pesqueiro do pa\u00eds. [&#8230;]<\/p>\n<p><span style=\"FONT-SIZE: 0.75em\">Leia a nota completa: &#8220;<a href=\"http:\/\/www.agenciabrasil.gov.br\/noticias\/2007\/09\/14\/materia.2007-09-14.9517830315\/view\" target=\"_blank\" title=\"Governo e supermercados fazem campanha para incentivar consumo de peixe\">Governo e supermercados fazem campanha para incentivar consumo de peixe<\/a>&#8220;<\/span><\/p>\n<\/blockquote>\n<p><strong>Direto do T\u00fanel do Tempo&#8230;<\/strong> \ud83d\ude06<\/p>\n<p style=\"TEXT-ALIGN: center\"><object width=\"425\" height=\"353\"><param name=\"movie\" value=\"http:\/\/www.youtube.com\/v\/xg4K4zE4I_A\"\/><param name=\"wmode\" value=\"transparent\"\/><embed height=\"353\" width=\"425\" wmode=\"transparent\" type=\"application\/x-shockwave-flash\" src=\"http:\/\/www.youtube.com\/v\/xg4K4zE4I_A\"\/><\/object><\/p>\n<p><\/p>\n","protected":false},"excerpt":{"rendered":"<p>Eu disse, o ministro falou e at\u00e9 o tio Silvio recomendou&#8230; Em outro post comentei a respeito do consumo do peixe e ontem o ministro apareceu na TV falando a respeito da campanha de consumo do peixe, comentou a respeito &hellip; <a href=\"https:\/\/www.reinaldo.pro.br\/blog\/2007\/09\/25\/eu-nao-disse-coma-peixe\/\">Continue reading <span class=\"meta-nav\">&rarr;<\/span><\/a><\/p>\n","protected":false},"author":1,"featured_media":0,"comment_status":"open","ping_status":"open","sticky":false,"template":"","format":"standard","meta":[],"categories":[75,26,24],"tags":[933,57,914,912],"_links":{"self":[{"href":"https:\/\/www.reinaldo.pro.br\/blog\/wp-json\/wp\/v2\/posts\/200"}],"collection":[{"href":"https:\/\/www.reinaldo.pro.br\/blog\/wp-json\/wp\/v2\/posts"}],"about":[{"href":"https:\/\/www.reinaldo.pro.br\/blog\/wp-json\/wp\/v2\/types\/post"}],"author":[{"embeddable":true,"href":"https:\/\/www.reinaldo.pro.br\/blog\/wp-json\/wp\/v2\/users\/1"}],"replies":[{"embeddable":true,"href":"https:\/\/www.reinaldo.pro.br\/blog\/wp-json\/wp\/v2\/comments?post=200"}],"version-history":[{"count":0,"href":"https:\/\/www.reinaldo.pro.br\/blog\/wp-json\/wp\/v2\/posts\/200\/revisions"}],"wp:attachment":[{"href":"https:\/\/www.reinaldo.pro.br\/blog\/wp-json\/wp\/v2\/media?parent=200"}],"wp:term":[{"taxonomy":"category","embeddable":true,"href":"https:\/\/www.reinaldo.pro.br\/blog\/wp-json\/wp\/v2\/categories?post=200"},{"taxonomy":"post_tag","embeddable":true,"href":"https:\/\/www.reinaldo.pro.br\/blog\/wp-json\/wp\/v2\/tags?post=200"}],"curies":[{"name":"wp","href":"https:\/\/api.w.org\/{rel}","templated":true}]}}