
{"id":206,"date":"2007-10-01T00:00:00","date_gmt":"2007-10-01T03:00:00","guid":{"rendered":"http:\/\/reinaldo.pro.br\/blog\/2007\/10\/01\/viva-para-a-melhor-idade\/"},"modified":"2008-03-15T17:02:24","modified_gmt":"2008-03-15T20:02:24","slug":"viva-para-a-melhor-idade","status":"publish","type":"post","link":"https:\/\/www.reinaldo.pro.br\/blog\/2007\/10\/01\/viva-para-a-melhor-idade\/","title":{"rendered":"Viva para a melhor idade!"},"content":{"rendered":"<p><!--adsense#RetGrande_336x280--><\/p>\n<p><strong style=\"FONT-SIZE: 1.2em\">Terceira Idade?! Que nada&#8230; melhor idade, isso sim! \ud83d\ude06<\/strong><\/p>\n<p style=\"TEXT-ALIGN: center\"><img loading=\"lazy\" src=\"http:\/\/farm2.static.flickr.com\/1164\/1464328674_85fd220910.jpg?v=0\" style=\"BORDER-RIGHT: rgb(0,0,0) 1px solid; BORDER-TOP: rgb(0,0,0) 1px solid; DISPLAY: inline; BORDER-LEFT: rgb(0,0,0) 1px solid; WIDTH: 375px; BORDER-BOTTOM: rgb(0,0,0) 1px solid; HEIGHT: 250px\" title=\"Melhor Idade!\" height=\"250\" width=\"375\" alt=\"Melhor Idade!\"\/><\/p>\n<p style=\"TEXT-ALIGN: center\"><span style=\"FONT-SIZE: 0.75em\"><em>&#8211; Melhor Idade! Voc\u00ea decide! \ud83d\ude42<\/em><\/span><\/p>\n<p><strong>Dia 1 de outubro:<\/strong> Dia Internacional da Terceira Idade.<\/p>\n<p><strong>Envelhecer:<\/strong> Este \u00e9 o destino de todos n\u00f3s. Nascemos, crescemos e envelhecemos&#8230; este \u00e9 o ciclo da vida, n\u00e3o podemos fazer nada a n\u00e3o ser seguir nosso caminho. Eu n\u00e3o quero me tornar daqueles &#8220;velhinhos&#8221;, que ficam o dia inteiro em casa de pijamas e s\u00f3 assiste a televis\u00e3o. Acho que este cen\u00e1rio tem mudado radicalmente e mudado para a melhor, ent\u00e3o pergunto a voc\u00ea: &#8211;<a href=\"http:\/\/reinaldo.pro.br\/blog\/2007\/08\/27\/voce-esta-preparado-para-viver-muito\/\" title=\"Voc\u00ea est\u00e1 preparado para viver muito?\">Voc\u00ea est\u00e1 preparado para viver muito?<\/a> Refletir a respeito disso o quanto antes \u00e9 muito importante.<\/p>\n<p>E \u00e9 na escolha dos v\u00e1rios caminhos que podemos decidir qual o melhor rumo para o nosso envelhecimento, pois s\u00f3 depende de n\u00f3s para que a nossa velhice se torne, n\u00e3o a nossa &#8220;terceira idade&#8221;, mas sim a nossa <strong>&#8220;melhor idade&#8221;<\/strong>. Tomando os cuidados b\u00e1sicos e cultivando bons h\u00e1bitos desde a nossa juventude com certeza chegaremos a &#8220;melhor idade&#8221; t\u00e3o prometida! Entre os cuidados que cito est\u00e3o, obviamente, cuidar da sa\u00fade (do corpo e da alma) e planejar uma aposentadoria financeira. Mas existe uma outra que muitos de n\u00f3s esquecemos: <strong>o respeito ao idoso<\/strong>. Sim, porque se voc\u00ea n\u00e3o der o <strong>exemplo hoje<\/strong>, quando ainda \u00e9 jovem, como voc\u00ea vai esperar ser tratado no futuro? Pense nisso!<\/p>\n<p style=\"TEXT-ALIGN: center\"><strong style=\"FONT-SIZE: 1.2em\">&#8211; Viva para a melhor idade! \ud83d\ude06<\/strong><\/p>\n<p><img loading=\"lazy\" src=\"http:\/\/farm2.static.flickr.com\/1151\/1464422498_4a492596be.jpg?v=0\" style=\"DISPLAY: inline; FLOAT: left; WIDTH: 157px; HEIGHT: 216px\" title=\"Livro\" height=\"216\" width=\"157\" alt=\"Livro\"\/><\/p>\n<p><\/p>\n<p>Existe muita literatura a respeito de como aproveitar a melhor fase da vida.<\/p>\n<p>J\u00e1 Cotei. <a href=\"http:\/\/www.jacotei.com.br\/mod.php?module=jacotei.pesquisa&amp;texto=terceira+idade&amp;catid=215&amp;lang=pt-br&amp;af=4390\" target=\"_blank\">Veja aqui os pre\u00e7os de livros indicados para a &#8220;melhor idade&#8221;<\/a>.<\/p>\n","protected":false},"excerpt":{"rendered":"<p>Terceira Idade?! Que nada&#8230; melhor idade, isso sim! \ud83d\ude06 &#8211; Melhor Idade! Voc\u00ea decide! \ud83d\ude42 Dia 1 de outubro: Dia Internacional da Terceira Idade. Envelhecer: Este \u00e9 o destino de todos n\u00f3s. Nascemos, crescemos e envelhecemos&#8230; este \u00e9 o ciclo &hellip; <a href=\"https:\/\/www.reinaldo.pro.br\/blog\/2007\/10\/01\/viva-para-a-melhor-idade\/\">Continue reading <span class=\"meta-nav\">&rarr;<\/span><\/a><\/p>\n","protected":false},"author":1,"featured_media":0,"comment_status":"open","ping_status":"open","sticky":false,"template":"","format":"standard","meta":[],"categories":[26,24],"tags":[57,914,912],"_links":{"self":[{"href":"https:\/\/www.reinaldo.pro.br\/blog\/wp-json\/wp\/v2\/posts\/206"}],"collection":[{"href":"https:\/\/www.reinaldo.pro.br\/blog\/wp-json\/wp\/v2\/posts"}],"about":[{"href":"https:\/\/www.reinaldo.pro.br\/blog\/wp-json\/wp\/v2\/types\/post"}],"author":[{"embeddable":true,"href":"https:\/\/www.reinaldo.pro.br\/blog\/wp-json\/wp\/v2\/users\/1"}],"replies":[{"embeddable":true,"href":"https:\/\/www.reinaldo.pro.br\/blog\/wp-json\/wp\/v2\/comments?post=206"}],"version-history":[{"count":0,"href":"https:\/\/www.reinaldo.pro.br\/blog\/wp-json\/wp\/v2\/posts\/206\/revisions"}],"wp:attachment":[{"href":"https:\/\/www.reinaldo.pro.br\/blog\/wp-json\/wp\/v2\/media?parent=206"}],"wp:term":[{"taxonomy":"category","embeddable":true,"href":"https:\/\/www.reinaldo.pro.br\/blog\/wp-json\/wp\/v2\/categories?post=206"},{"taxonomy":"post_tag","embeddable":true,"href":"https:\/\/www.reinaldo.pro.br\/blog\/wp-json\/wp\/v2\/tags?post=206"}],"curies":[{"name":"wp","href":"https:\/\/api.w.org\/{rel}","templated":true}]}}