
{"id":211,"date":"2007-10-05T18:51:21","date_gmt":"2007-10-05T21:51:21","guid":{"rendered":"http:\/\/reinaldo.pro.br\/blog\/2007\/10\/05\/alimente-se-sem-rotina\/"},"modified":"2008-03-15T16:55:22","modified_gmt":"2008-03-15T19:55:22","slug":"alimente-se-sem-rotina","status":"publish","type":"post","link":"https:\/\/www.reinaldo.pro.br\/blog\/2007\/10\/05\/alimente-se-sem-rotina\/","title":{"rendered":"Alimente-se sem rotina&#8230;"},"content":{"rendered":"<p><!--adsense#RetGrande_336x280--><\/p>\n<p><span style=\"FONT-SIZE: 1.2em\"><strong>Quer cuidar mais de sua sa\u00fade, saia da rotina&#8230;<\/strong><\/span><\/p>\n<p style=\"TEXT-ALIGN: center\"><img loading=\"lazy\" height=\"246\" width=\"393\" alt=\"Varie Bem!\" title=\"Varie Bem!\" src=\"http:\/\/farm2.static.flickr.com\/1203\/1472960351_e6ef110f7b.jpg?v=0\"\/><\/p>\n<p style=\"TEXT-ALIGN: center\"><span style=\"FONT-SIZE: 0.75em\"><em>&#8211; Diversifique sua alimenta\u00e7\u00e3o! \ud83d\ude42<\/em><\/span><\/p>\n<p><strong>Estranho n\u00e3o?<\/strong> Desde quando sair da rotina pode melhorar a alimenta\u00e7\u00e3o? N\u00e3o seria ao contr\u00e1rio? Calma que eu j\u00e1 explico&#8230;<\/p>\n<p>A industrializa\u00e7\u00e3o e a produ\u00e7\u00e3o em grande escala de alimentos tem empobrecido a absor\u00e7\u00e3o de nutrientes pelo nosso corpo. A explica\u00e7\u00e3o \u00e9 bem simples: nossos av\u00f3s, bisav\u00f3s, tatarav\u00f3s, etc&#8230; comiam uma <strong>variedade<\/strong> bem maior de alimentos ao longo do ano, pois o cultivo simplesmente obedecia as esta\u00e7\u00f5es do ano, hoje com a moderniza\u00e7\u00e3o das formas de cultivo e da industrializa\u00e7\u00e3o dos alimentos, \u00e9 poss\u00edvel comer durante o ano todo qualquer tipo de alimento, e \u00e9 a\u00ed que mora o perigo, <strong>comemos sempre a mesma coisa!<\/strong> Hoje segundo aconselheira da Conselho Nacional de Seguran\u00e7a Alimentar e Nutricional, Regina Miranda:<\/p>\n<blockquote>\n<p>[&#8230;] Segundo ela, atualmente, h\u00e1 uma padroniza\u00e7\u00e3o dos alimentos por causa, principalmente, dos industrializados, o que empobrece a alimenta\u00e7\u00e3o.<\/p>\n<p>Ela acrescenta que, enquanto os humanos ancestrais comiam cerca de 75 tipos de alimentos durante o ano, hoje, com a produ\u00e7\u00e3o em grande escala, a dieta do ser humano situa-se entre 12 e 18 itens no ano.<\/p>\n<p>Miranda criticou os suplementos alimentares, vendidos para suprir a falta de nutrientes de outros produtos industrializados. De acordo com ela, o organismo humano n\u00e3o est\u00e1 preparado para receber as subst\u00e2ncias isoladamente.<\/p>\n<p>Ela diz que os produtos industrializados e a ingest\u00e3o em excesso de a\u00e7\u00facar, gordura e sal t\u00eam gerado efeitos negativos sobre a sa\u00fade humana, como obesidade, cardiopatias (doen\u00e7as no cora\u00e7\u00e3o), depress\u00e3o e anemia.<\/p>\n<p>Tamb\u00e9m fez um alerta sobre o consumo de produtos que cont\u00e9m glutamato monoss\u00f3dico, como os &#8220;salgadinhos&#8221; de pacote. A subst\u00e2ncia, acrescenta, deve ser evitada por despertar um comportamento alimentar compulsivo.<\/p>\n<p>&#8220;A pessoa come sem aquela sensa\u00e7\u00e3o natural do organismo humano de dizer: estou satisfeito, chega de comer&#8221;.<\/p>\n<p>Na opini\u00e3o dela, \u00e9 importante ampliar as discuss\u00f5es sobre a alimenta\u00e7\u00e3o para o modelo de produ\u00e7\u00e3o brasileira. &#8220;Podemos plantar, vitalizar as pequenas agriculturas e nos alimentar muito bem. Mas tem que ter distribui\u00e7\u00e3o da terra, cr\u00e9dito e seguran\u00e7a para quem est\u00e1 no campo produzindo esses alimentos.&#8221; [&#8230;]<\/p>\n<\/blockquote>\n<p><strong>Ent\u00e3o n\u00e3o basta somente comer aqueles alimentos saud\u00e1veis que voc\u00ea gosta, tem que variar o card\u00e1pio, ou seja&#8230; saia da rotina! \ud83d\ude06<\/strong><\/p>\n<p><span style=\"FONT-SIZE: 0.75em\">Fonte:<\/span><\/p>\n<ul>\n<li>Ag\u00eancia Brasil: &#8220;<a href=\"http:\/\/www.agenciabrasil.gov.br\/noticias\/2007\/10\/02\/materia.2007-10-02.6646300248\/view\" target=\"_blank\" title='Leia o artigo completo \"Padroniza\u00e7\u00e3o de alimentos empobrece dieta humana, diz conselheira de seguran\u00e7a alimentar\"'>Padroniza\u00e7\u00e3o de alimentos empobrece dieta humana, diz conselheira de seguran\u00e7a alimentar<\/a>&#8220;<\/li>\n<\/ul>\n<p><\/p>\n","protected":false},"excerpt":{"rendered":"<p>Quer cuidar mais de sua sa\u00fade, saia da rotina&#8230; &#8211; Diversifique sua alimenta\u00e7\u00e3o! \ud83d\ude42 Estranho n\u00e3o? Desde quando sair da rotina pode melhorar a alimenta\u00e7\u00e3o? N\u00e3o seria ao contr\u00e1rio? Calma que eu j\u00e1 explico&#8230; A industrializa\u00e7\u00e3o e a produ\u00e7\u00e3o em &hellip; <a href=\"https:\/\/www.reinaldo.pro.br\/blog\/2007\/10\/05\/alimente-se-sem-rotina\/\">Continue reading <span class=\"meta-nav\">&rarr;<\/span><\/a><\/p>\n","protected":false},"author":1,"featured_media":0,"comment_status":"open","ping_status":"open","sticky":false,"template":"","format":"standard","meta":[],"categories":[75,26,24],"tags":[933,57,914,912],"_links":{"self":[{"href":"https:\/\/www.reinaldo.pro.br\/blog\/wp-json\/wp\/v2\/posts\/211"}],"collection":[{"href":"https:\/\/www.reinaldo.pro.br\/blog\/wp-json\/wp\/v2\/posts"}],"about":[{"href":"https:\/\/www.reinaldo.pro.br\/blog\/wp-json\/wp\/v2\/types\/post"}],"author":[{"embeddable":true,"href":"https:\/\/www.reinaldo.pro.br\/blog\/wp-json\/wp\/v2\/users\/1"}],"replies":[{"embeddable":true,"href":"https:\/\/www.reinaldo.pro.br\/blog\/wp-json\/wp\/v2\/comments?post=211"}],"version-history":[{"count":0,"href":"https:\/\/www.reinaldo.pro.br\/blog\/wp-json\/wp\/v2\/posts\/211\/revisions"}],"wp:attachment":[{"href":"https:\/\/www.reinaldo.pro.br\/blog\/wp-json\/wp\/v2\/media?parent=211"}],"wp:term":[{"taxonomy":"category","embeddable":true,"href":"https:\/\/www.reinaldo.pro.br\/blog\/wp-json\/wp\/v2\/categories?post=211"},{"taxonomy":"post_tag","embeddable":true,"href":"https:\/\/www.reinaldo.pro.br\/blog\/wp-json\/wp\/v2\/tags?post=211"}],"curies":[{"name":"wp","href":"https:\/\/api.w.org\/{rel}","templated":true}]}}