
{"id":215,"date":"2007-10-12T23:13:59","date_gmt":"2007-10-13T02:13:59","guid":{"rendered":"http:\/\/reinaldo.pro.br\/blog\/2007\/10\/12\/procura-se-uma-bicicleta-ainda\/"},"modified":"2008-03-15T16:51:00","modified_gmt":"2008-03-15T19:51:00","slug":"procura-se-uma-bicicleta-ainda","status":"publish","type":"post","link":"https:\/\/www.reinaldo.pro.br\/blog\/2007\/10\/12\/procura-se-uma-bicicleta-ainda\/","title":{"rendered":"Procura-se uma bicicleta, ainda&#8230;"},"content":{"rendered":"<p><!--adsense#RetGrande_336x280--><\/p>\n<p><span style=\"FONT-SIZE: 1.2em\"><strong>A busca pela bicicleta ideal continua&#8230;<\/strong><\/span><\/p>\n<p style=\"TEXT-ALIGN: center\"><img loading=\"lazy\" src=\"http:\/\/i237.photobucket.com\/albums\/ff84\/reinaldoy\/imagem_bicicleta_de_carta.jpg\" style=\"BORDER-RIGHT: rgb(0,0,0) 1px solid; BORDER-TOP: rgb(0,0,0) 1px solid; DISPLAY: inline; BORDER-LEFT: rgb(0,0,0) 1px solid; WIDTH: 340px; BORDER-BOTTOM: rgb(0,0,0) 1px solid; HEIGHT: 156px\" title=\"Bicicleta do Entregador\" height=\"156\" width=\"340\" alt=\"Bicicleta do Entregador\"\/><\/p>\n<p>H\u00e1 alguns dias atr\u00e1s comentei que estava <a href=\"http:\/\/reinaldo.pro.br\/blog\/2007\/09\/29\/procura-se-uma-bicicleta\/\">procurando uma bicicleta<\/a> para eu poder ir at\u00e9 o trabalho e que como <del>ignorannte<\/del> iniciante no assunto tinha me deparado com milhares de informa\u00e7\u00f5es que sequer imaginava&#8230; mas lendo o blog do <a href=\"http:\/\/www.mundogump.com.br\/\" target=\"_blank\">Mundo Gump<\/a>, achei uma foto da <a href=\"http:\/\/www.mundogump.com.br\/2007\/10\/11\/bicicletas\/\" target=\"_blank\" title=\"Bicicletas\">bicicleta<\/a> ideal&#8230; \ud83d\ude06<\/p>\n<p style=\"TEXT-ALIGN: center\"><img loading=\"lazy\" src=\"http:\/\/i237.photobucket.com\/albums\/ff84\/reinaldoy\/bicicletadoentregador.jpg\" style=\"BORDER-RIGHT: rgb(0,0,0) 2px solid; BORDER-TOP: rgb(0,0,0) 2px solid; DISPLAY: inline; BORDER-LEFT: rgb(0,0,0) 2px solid; WIDTH: 400px; BORDER-BOTTOM: rgb(0,0,0) 2px solid; HEIGHT: 300px\" title=\"Bicicleta Ideal\" height=\"300\" width=\"400\" alt=\"Bicicleta Ideal\"\/><\/p>\n<p style=\"TEXT-ALIGN: center\"><em style=\"FONT-SIZE: 0.75em\">&#8211; Acho que os meus problemas acabram&#8230; \ud83d\ude1b<\/em><\/p>\n<p><em><strong>Hehheh<\/strong><\/em>, brincadeiras a parte, ainda continuo pesquisando e analisando sobre qual <em>bike<\/em> comprar&#8230; \ud83d\ude06<\/p>\n<p><\/p>\n","protected":false},"excerpt":{"rendered":"<p>A busca pela bicicleta ideal continua&#8230; H\u00e1 alguns dias atr\u00e1s comentei que estava procurando uma bicicleta para eu poder ir at\u00e9 o trabalho e que como ignorannte iniciante no assunto tinha me deparado com milhares de informa\u00e7\u00f5es que sequer imaginava&#8230; &hellip; <a href=\"https:\/\/www.reinaldo.pro.br\/blog\/2007\/10\/12\/procura-se-uma-bicicleta-ainda\/\">Continue reading <span class=\"meta-nav\">&rarr;<\/span><\/a><\/p>\n","protected":false},"author":1,"featured_media":0,"comment_status":"open","ping_status":"open","sticky":false,"template":"","format":"standard","meta":[],"categories":[29,25],"tags":[916,74,914,913],"_links":{"self":[{"href":"https:\/\/www.reinaldo.pro.br\/blog\/wp-json\/wp\/v2\/posts\/215"}],"collection":[{"href":"https:\/\/www.reinaldo.pro.br\/blog\/wp-json\/wp\/v2\/posts"}],"about":[{"href":"https:\/\/www.reinaldo.pro.br\/blog\/wp-json\/wp\/v2\/types\/post"}],"author":[{"embeddable":true,"href":"https:\/\/www.reinaldo.pro.br\/blog\/wp-json\/wp\/v2\/users\/1"}],"replies":[{"embeddable":true,"href":"https:\/\/www.reinaldo.pro.br\/blog\/wp-json\/wp\/v2\/comments?post=215"}],"version-history":[{"count":0,"href":"https:\/\/www.reinaldo.pro.br\/blog\/wp-json\/wp\/v2\/posts\/215\/revisions"}],"wp:attachment":[{"href":"https:\/\/www.reinaldo.pro.br\/blog\/wp-json\/wp\/v2\/media?parent=215"}],"wp:term":[{"taxonomy":"category","embeddable":true,"href":"https:\/\/www.reinaldo.pro.br\/blog\/wp-json\/wp\/v2\/categories?post=215"},{"taxonomy":"post_tag","embeddable":true,"href":"https:\/\/www.reinaldo.pro.br\/blog\/wp-json\/wp\/v2\/tags?post=215"}],"curies":[{"name":"wp","href":"https:\/\/api.w.org\/{rel}","templated":true}]}}