
{"id":223,"date":"2008-02-17T16:29:53","date_gmt":"2008-02-17T18:29:53","guid":{"rendered":"http:\/\/reinaldo.pro.br\/blog\/2008\/02\/17\/essa-eu-ja-sabia-2\/"},"modified":"2008-08-04T21:59:39","modified_gmt":"2008-08-05T00:59:39","slug":"essa-eu-ja-sabia-acucar-ou-adocante","status":"publish","type":"post","link":"https:\/\/www.reinaldo.pro.br\/blog\/2008\/02\/17\/essa-eu-ja-sabia-acucar-ou-adocante\/","title":{"rendered":"Essa eu j\u00e1 sabia&#8230; a\u00e7\u00facar ou ado\u00e7ante?"},"content":{"rendered":"<p><!--adsense#RetGrande_336x280--><\/p>\n<p><strong style=\"FONT-SIZE: 1.2em\">E ai?! Vai a\u00e7\u00facar ou ado\u00e7ante? \ud83d\ude15<\/strong><\/p>\n<p style=\"TEXT-ALIGN: center\"><img loading=\"lazy\" style=\"display: inline; width: 375px; height: 500px;\" title=\"Vai um cafezinho a\u00eae?!!\" src=\"http:\/\/i237.photobucket.com\/albums\/ff84\/reinaldoy\/tomando_cafezinho.jpg\" alt=\"Vai um cafezinho a\u00eae?!!\" width=\"375\" height=\"500\" \/><\/p>\n<p style=\"TEXT-ALIGN: center\"><span style=\"FONT-SIZE: 0.75em\"><em>Vai um cafezinho a\u00eae?!! \ud83d\ude1b<\/em> <a title=\"Fonte da foto\" href=\"http:\/\/www.flickr.com\/photos\/alexomello\/258179990\/\">Fonte<\/a><\/span><\/p>\n<p><strong>At\u00e9 parece piada:<\/strong> Curiosamente quando me perguntavam se gostaria de colocar a\u00e7\u00facar ou ado\u00e7ante no meu caf\u00e9, eu sempre dizia aquela &#8220;cl\u00e1ssica&#8221; piadinha: &#8220;<em>&#8211; Eu quero a\u00e7\u00facar, n\u00e3o tomo ado\u00e7ante, pois s\u00f3 vejo gente gorda tomando ado\u00e7ante, portanto acho que ado\u00e7ante engorda&#8230;<\/em>&#8221; \ud83d\ude42 . Piadas a parte, agora parece que a brincadeira tem um fundo de verdade, veja s\u00f3 o que apareceu no notici\u00e1rio: &#8220;<a title=\"Ir para a mat\u00e9ria: &quot;Ado\u00e7ante pode engordar mais que a\u00e7\u00facar, diz estudo&quot;\" href=\"http:\/\/g1.globo.com\/Noticias\/Ciencia\/0,,MUL293907-5603,00.html\">Ado\u00e7ante pode engordar mais que a\u00e7\u00facar, diz estudo<\/a>&#8220;. Hehhehe&#8230; \ud83d\ude1b<\/p>\n","protected":false},"excerpt":{"rendered":"<p>E ai?! Vai a\u00e7\u00facar ou ado\u00e7ante? \ud83d\ude15 Vai um cafezinho a\u00eae?!! \ud83d\ude1b Fonte At\u00e9 parece piada: Curiosamente quando me perguntavam se gostaria de colocar a\u00e7\u00facar ou ado\u00e7ante no meu caf\u00e9, eu sempre dizia aquela &#8220;cl\u00e1ssica&#8221; piadinha: &#8220;&#8211; Eu quero a\u00e7\u00facar, &hellip; <a href=\"https:\/\/www.reinaldo.pro.br\/blog\/2008\/02\/17\/essa-eu-ja-sabia-acucar-ou-adocante\/\">Continue reading <span class=\"meta-nav\">&rarr;<\/span><\/a><\/p>\n","protected":false},"author":1,"featured_media":0,"comment_status":"open","ping_status":"open","sticky":false,"template":"","format":"standard","meta":[],"categories":[24],"tags":[912],"_links":{"self":[{"href":"https:\/\/www.reinaldo.pro.br\/blog\/wp-json\/wp\/v2\/posts\/223"}],"collection":[{"href":"https:\/\/www.reinaldo.pro.br\/blog\/wp-json\/wp\/v2\/posts"}],"about":[{"href":"https:\/\/www.reinaldo.pro.br\/blog\/wp-json\/wp\/v2\/types\/post"}],"author":[{"embeddable":true,"href":"https:\/\/www.reinaldo.pro.br\/blog\/wp-json\/wp\/v2\/users\/1"}],"replies":[{"embeddable":true,"href":"https:\/\/www.reinaldo.pro.br\/blog\/wp-json\/wp\/v2\/comments?post=223"}],"version-history":[{"count":0,"href":"https:\/\/www.reinaldo.pro.br\/blog\/wp-json\/wp\/v2\/posts\/223\/revisions"}],"wp:attachment":[{"href":"https:\/\/www.reinaldo.pro.br\/blog\/wp-json\/wp\/v2\/media?parent=223"}],"wp:term":[{"taxonomy":"category","embeddable":true,"href":"https:\/\/www.reinaldo.pro.br\/blog\/wp-json\/wp\/v2\/categories?post=223"},{"taxonomy":"post_tag","embeddable":true,"href":"https:\/\/www.reinaldo.pro.br\/blog\/wp-json\/wp\/v2\/tags?post=223"}],"curies":[{"name":"wp","href":"https:\/\/api.w.org\/{rel}","templated":true}]}}