
{"id":250,"date":"2008-03-22T19:01:16","date_gmt":"2008-03-22T22:01:16","guid":{"rendered":"http:\/\/reinaldo.pro.br\/blog\/2008\/03\/22\/droga-na-cabeca-nao\/"},"modified":"2008-03-22T19:01:16","modified_gmt":"2008-03-22T22:01:16","slug":"droga-na-cabeca-nao","status":"publish","type":"post","link":"https:\/\/www.reinaldo.pro.br\/blog\/2008\/03\/22\/droga-na-cabeca-nao\/","title":{"rendered":"Droga na cabe\u00e7a&#8230; n\u00e3o!"},"content":{"rendered":"<p><!--adsense#RetGrande_336x280_Educacao--><\/p>\n<p><span style=\"FONT-SIZE: 1.2em\"><strong>Diga <span style=\"COLOR: #ff0000\">N\u00c3O<\/span> as drogas! :-O<\/strong><\/span><\/p>\n<p style=\"TEXT-ALIGN: center\"><img loading=\"lazy\" src=\"http:\/\/g1.globo.com\/Noticias\/Vestibular\/foto\/0,,13824838,00.jpg\" style=\"BORDER-RIGHT: rgb(0,0,0) 2px solid; BORDER-TOP: rgb(0,0,0) 2px solid; DISPLAY: inline; BORDER-LEFT: rgb(0,0,0) 2px solid; WIDTH: 600px; BORDER-BOTTOM: rgb(0,0,0) 2px solid; HEIGHT: 400px\" title=\"Droga \u00e9 Lixo!\" height=\"400\" width=\"600\" alt=\"Droga \u00e9 Lixo!\"\/><br \/><span style=\"FONT-SIZE: 0.75em\">(Foto: <a href=\"http:\/\/g1.globo.com\/Noticias\/Vestibular\/0,,MUL342122-5604,00.html\" target=\"_blank\">Simone Harnik\/G1<\/a>)<\/span><\/p>\n<p>Interessante a campanha contra o uso de drogas feito para a <del>faculdade<\/del> Universidade Mackenzie. Impactante \u00e0 primeira vista, mas passa a mensagem! \ud83d\ude2f<\/p>\n<p>A cria\u00e7\u00e3o das pe\u00e7as da campanha foi realizada pela Publicis. Muita gente gostou e muita gente tamb\u00e9m n\u00e3o gostou, afinal, <em>cada cabe\u00e7a uma senten\u00e7a&#8230;<\/em> \ud83d\ude09<\/p>\n<p><span style=\"FONT-SIZE: 0.75em\">Fonte: G1: &#8216;<a href=\"http:\/\/g1.globo.com\/Noticias\/Vestibular\/0,,MUL342122-5604,00.html\" target=\"_blank\">Universidade faz campanha pol\u00eamica sobre uso de drogas<\/a>&#8216;<\/span><\/p><\/p>\n","protected":false},"excerpt":{"rendered":"<p>Diga N\u00c3O as drogas! :-O (Foto: Simone Harnik\/G1) Interessante a campanha contra o uso de drogas feito para a faculdade Universidade Mackenzie. Impactante \u00e0 primeira vista, mas passa a mensagem! \ud83d\ude2f A cria\u00e7\u00e3o das pe\u00e7as da campanha foi realizada pela &hellip; <a href=\"https:\/\/www.reinaldo.pro.br\/blog\/2008\/03\/22\/droga-na-cabeca-nao\/\">Continue reading <span class=\"meta-nav\">&rarr;<\/span><\/a><\/p>\n","protected":false},"author":1,"featured_media":0,"comment_status":"open","ping_status":"open","sticky":false,"template":"","format":"standard","meta":[],"categories":[91,8,6],"tags":[],"_links":{"self":[{"href":"https:\/\/www.reinaldo.pro.br\/blog\/wp-json\/wp\/v2\/posts\/250"}],"collection":[{"href":"https:\/\/www.reinaldo.pro.br\/blog\/wp-json\/wp\/v2\/posts"}],"about":[{"href":"https:\/\/www.reinaldo.pro.br\/blog\/wp-json\/wp\/v2\/types\/post"}],"author":[{"embeddable":true,"href":"https:\/\/www.reinaldo.pro.br\/blog\/wp-json\/wp\/v2\/users\/1"}],"replies":[{"embeddable":true,"href":"https:\/\/www.reinaldo.pro.br\/blog\/wp-json\/wp\/v2\/comments?post=250"}],"version-history":[{"count":0,"href":"https:\/\/www.reinaldo.pro.br\/blog\/wp-json\/wp\/v2\/posts\/250\/revisions"}],"wp:attachment":[{"href":"https:\/\/www.reinaldo.pro.br\/blog\/wp-json\/wp\/v2\/media?parent=250"}],"wp:term":[{"taxonomy":"category","embeddable":true,"href":"https:\/\/www.reinaldo.pro.br\/blog\/wp-json\/wp\/v2\/categories?post=250"},{"taxonomy":"post_tag","embeddable":true,"href":"https:\/\/www.reinaldo.pro.br\/blog\/wp-json\/wp\/v2\/tags?post=250"}],"curies":[{"name":"wp","href":"https:\/\/api.w.org\/{rel}","templated":true}]}}