
{"id":251,"date":"2008-03-23T16:19:11","date_gmt":"2008-03-23T19:19:11","guid":{"rendered":"http:\/\/reinaldo.pro.br\/blog\/2008\/03\/23\/acabou-o-verao\/"},"modified":"2008-03-23T16:48:35","modified_gmt":"2008-03-23T19:48:35","slug":"acabou-o-verao","status":"publish","type":"post","link":"https:\/\/www.reinaldo.pro.br\/blog\/2008\/03\/23\/acabou-o-verao\/","title":{"rendered":"Acabou o ver\u00e3o&#8230;"},"content":{"rendered":"<p><!--adsense#RetGrande_336x280_Calendario--><\/p>\n<p><span style=\"FONT-SIZE: 1.2em\"><strong>Bem Vindo Outono!<\/strong> \ud83d\ude00<\/span><\/p>\n<p style=\"TEXT-ALIGN: center\"><a href=\"http:\/\/www.flickr.com\/photos\/22739832@N07\/2257787153\/\" target=\"_blank\" title=\"Outono\"><img loading=\"lazy\" src=\"http:\/\/farm3.static.flickr.com\/2057\/2257787153_7a0b504c93.jpg\" style=\"BORDER-RIGHT: rgb(0,0,0) 1px solid; BORDER-TOP: rgb(0,0,0) 1px solid; DISPLAY: inline; BORDER-LEFT: rgb(0,0,0) 1px solid; WIDTH: 475px; BORDER-BOTTOM: rgb(0,0,0) 1px solid; HEIGHT: 358px\" height=\"358\" width=\"475\" alt=\"Outono\" border=\"0\"\/><\/a><br \/><small><a href=\"http:\/\/creativecommons.org\/licenses\/by\/2.0\/\" target=\"_blank\" title=\"Attribution License\"><img loading=\"lazy\" src=\"http:\/\/reinaldo.pro.br\/blog\/wp-content\/plugins\/photo_dropper\/images\/cc.png\" align=\"absmiddle\" height=\"16\" width=\"16\" alt=\"Creative Commons License\" border=\"0\"\/><\/a> <a href=\"http:\/\/www.photodropper.com\/photos\/\" target=\"_blank\">photo<\/a> credit: <a href=\"http:\/\/www.flickr.com\/photos\/22739832@N07\/2257787153\/\" target=\"_blank\" title=\"tipiro\">tipiro<\/a><\/small><\/p>\n<p>Domingo chuvoso, o tempo come\u00e7a a apresentar mudan\u00e7as, \u00e9 o fim do ver\u00e3o e a chegada do outono. Temperaturas mais amenas, quando as folhas das <del>\u00e1revores<\/del> <del>arveres<\/del> <del>avrores<\/del> \u00e1rvores come\u00e7am a amarelar e a paisagem a mudar. Dia bom para pensar na vida, bom dia para ver um filme, dia bom para ler um livro, bom dia para fazer nada e fazer tudo&#8230; aproveite o dia! \ud83d\ude09<\/p>\n<p><\/p>\n","protected":false},"excerpt":{"rendered":"<p>Bem Vindo Outono! \ud83d\ude00 photo credit: tipiro Domingo chuvoso, o tempo come\u00e7a a apresentar mudan\u00e7as, \u00e9 o fim do ver\u00e3o e a chegada do outono. Temperaturas mais amenas, quando as folhas das \u00e1revores arveres avrores \u00e1rvores come\u00e7am a amarelar e &hellip; <a href=\"https:\/\/www.reinaldo.pro.br\/blog\/2008\/03\/23\/acabou-o-verao\/\">Continue reading <span class=\"meta-nav\">&rarr;<\/span><\/a><\/p>\n","protected":false},"author":1,"featured_media":0,"comment_status":"open","ping_status":"open","sticky":false,"template":"","format":"standard","meta":[],"categories":[150,34,133],"tags":[206,954,205,949,109,107],"_links":{"self":[{"href":"https:\/\/www.reinaldo.pro.br\/blog\/wp-json\/wp\/v2\/posts\/251"}],"collection":[{"href":"https:\/\/www.reinaldo.pro.br\/blog\/wp-json\/wp\/v2\/posts"}],"about":[{"href":"https:\/\/www.reinaldo.pro.br\/blog\/wp-json\/wp\/v2\/types\/post"}],"author":[{"embeddable":true,"href":"https:\/\/www.reinaldo.pro.br\/blog\/wp-json\/wp\/v2\/users\/1"}],"replies":[{"embeddable":true,"href":"https:\/\/www.reinaldo.pro.br\/blog\/wp-json\/wp\/v2\/comments?post=251"}],"version-history":[{"count":0,"href":"https:\/\/www.reinaldo.pro.br\/blog\/wp-json\/wp\/v2\/posts\/251\/revisions"}],"wp:attachment":[{"href":"https:\/\/www.reinaldo.pro.br\/blog\/wp-json\/wp\/v2\/media?parent=251"}],"wp:term":[{"taxonomy":"category","embeddable":true,"href":"https:\/\/www.reinaldo.pro.br\/blog\/wp-json\/wp\/v2\/categories?post=251"},{"taxonomy":"post_tag","embeddable":true,"href":"https:\/\/www.reinaldo.pro.br\/blog\/wp-json\/wp\/v2\/tags?post=251"}],"curies":[{"name":"wp","href":"https:\/\/api.w.org\/{rel}","templated":true}]}}