
{"id":252,"date":"2008-03-23T16:47:58","date_gmt":"2008-03-23T19:47:58","guid":{"rendered":"http:\/\/reinaldo.pro.br\/blog\/2008\/03\/23\/aguas-de-marco\/"},"modified":"2008-03-23T16:49:22","modified_gmt":"2008-03-23T19:49:22","slug":"aguas-de-marco","status":"publish","type":"post","link":"https:\/\/www.reinaldo.pro.br\/blog\/2008\/03\/23\/aguas-de-marco\/","title":{"rendered":"\u00c1guas de mar\u00e7o&#8230;"},"content":{"rendered":"<p><!--adsense#RetGrande_336x280_Cultura--><\/p>\n<p><span style=\"FONT-SIZE: 1.2em\"><strong>Falando em chuvas&#8230;<\/strong><\/span><\/p>\n<p style=\"TEXT-ALIGN: center\"><a href=\"http:\/\/www.flickr.com\/photos\/31318028@N00\/122904876\/\" target=\"_blank\" title=\"Colhereiros a caminho do Pa\u00fal do Boquilobo\"><img loading=\"lazy\" width=\"500\" alt=\"Colhereiros a caminho do Pa\u00fal do Boquilobo\" height=\"375\" border=\"0\" src=\"http:\/\/farm1.static.flickr.com\/36\/122904876_762671d38b.jpg\"\/><\/a><br \/><small><a href=\"http:\/\/creativecommons.org\/licenses\/by-nd\/2.0\/\" target=\"_blank\" title=\"Attribution-NoDerivs License\"><img loading=\"lazy\" src=\"http:\/\/reinaldo.pro.br\/blog\/wp-content\/plugins\/photo_dropper\/images\/cc.png\" align=\"absmiddle\" height=\"16\" width=\"16\" alt=\"Creative Commons License\" border=\"0\"\/><\/a> <a href=\"http:\/\/www.photodropper.com\/photos\/\" target=\"_blank\">photo<\/a> credit: <a href=\"http:\/\/www.flickr.com\/photos\/31318028@N00\/122904876\/\" target=\"_blank\" title=\"Muchaxo\">Muchaxo<\/a><\/small><\/p>\n<p style=\"TEXT-ALIGN: left\">Olhando pela sacada da sala para a chuva que caia me lembrei instantaneamente das &#8216;<em>\u00e1guas de mar\u00e7o<\/em>&#8216;, can\u00e7\u00e3o de Tom Jobim imortalizada na minha mente pela voz de Elis Regina&#8230; com esse tempinho nada melhor que ouvir&#8230;<\/p>\n<p>Por isso adoro o YouTube! \ud83d\ude00<\/p>\n<p style=\"TEXT-ALIGN: center\"><object width=\"425\" height=\"373\"><param name=\"movie\" value=\"http:\/\/www.youtube.com\/v\/srfP2JlH6ls&amp;color1=0x006699&amp;color2=0x54abd6&amp;border=1&amp;hl=pt-br\"\/><param name=\"wmode\" value=\"transparent\"\/><embed height=\"373\" width=\"425\" wmode=\"transparent\" type=\"application\/x-shockwave-flash\" src=\"http:\/\/www.youtube.com\/v\/srfP2JlH6ls&amp;color1=0x006699&amp;color2=0x54abd6&amp;border=1&amp;hl=pt-br\"\/><\/object><\/p>\n<p><\/p>\n<p>Para quem n\u00e3o sabe a letra ai vai&#8230; \ud83d\ude00<\/p>\n<blockquote>\n<p><strong>\u00c1guas de mar\u00e7o<\/strong><\/p>\n<p><span style=\"FONT-SIZE: 0.9em\">(Tom Jobim)<\/span><\/p>\n<p>\u00c9 pau, \u00e9 pedra, \u00e9 o fim do caminho<br \/>\u00c9 um resto de toco, \u00e9 um pouco sozinho<br \/>\u00c9 um caco de vidro, \u00e9 a vida, \u00e9 o sol<br \/>\u00c9 a noite, \u00e9 a morte, \u00e9 um la\u00e7o, \u00e9 o anzol<br \/>\u00c9 peroba no campo, \u00e9 o n\u00f3 da madeira<br \/>Caing\u00e1 candeia, \u00e9 o matita-pereira<br \/>\u00c9 madeira de vento, tombo da ribanceira<br \/>\u00c9 o mist\u00e9rio profundo, \u00e9 o queira ou n\u00e3o queira<br \/>\u00c9 o vento ventando, \u00e9 o fim da ladeira<br \/>\u00c9 a viga, \u00e9 o v\u00e3o, festa da cumeeira<br \/>\u00c9 a chuva chovendo, \u00e9 conversa ribeira<br \/>Das \u00e1guas de mar\u00e7o, \u00e9 o fim da canseira<br \/>\u00c9 o p\u00e9, \u00e9 o ch\u00e3o, \u00e9 a marcha estradeira<br \/>Passarinho na m\u00e3o, pedra de atiradeira<br \/>\u00c9 uma ave no c\u00e9u, \u00e9 uma ave no ch\u00e3o<br \/>\u00c9 um regato, \u00e9 uma fonte, \u00e9 um peda\u00e7o de p\u00e3o<br \/>\u00c9 o fundo do po\u00e7o, \u00e9 o fim do caminho<br \/>No rosto um desgosto, \u00e9 um pouco sozinho<br \/>\u00c9 um estepe, \u00e9 um prego, \u00e9 uma conta, \u00e9 um conto<br \/>\u00c9 um pingo pingando, \u00e9 uma conta, \u00e9 um ponto<br \/>\u00c9 um peixe, \u00e9 um gesto, \u00e9 uma prata brilhando<br \/>\u00c9 a luz da manha, \u00e9 o tijolo chegando<br \/>\u00c9 a lenha, \u00e9 o dia, \u00e9 o fim da picada<br \/>\u00c9 a garrafa de cana, o estilha\u00e7o na estrada<br \/>\u00c9 o projeto da casa, \u00e9 o corpo na cama<br \/>\u00c9 o carro engui\u00e7ado, \u00e9 a lama, \u00e9 a lama<br \/>\u00c9 um passo, \u00e9 uma ponte, \u00e9 um sapo, \u00e9 uma r\u00e3<br \/>\u00c9 um resto de mato na luz da manh\u00e3<br \/>S\u00e3o as \u00e1guas de mar\u00e7o fechando o ver\u00e3o<br \/>\u00c9 a promessa de vida no teu cora\u00e7\u00e3o<br \/>\u00c9 uma cobra, \u00e9 um pau, \u00e9 Jo\u00e3o, \u00e9 Jos\u00e9<br \/>\u00c9 um espinho na m\u00e3o, \u00e9 um corte no p\u00e9<br \/>S\u00e3o as \u00e1guas de mar\u00e7o fechando o ver\u00e3o<br \/>\u00c9 a promessa de vida no teu cora\u00e7\u00e3o<br \/>\u00c9 pau, \u00e9 pedra, \u00e9 o fim do caminho<br \/>\u00c9 um resto de toco, \u00e9 um pouco sozinho<br \/>\u00c9 um passo, \u00e9 uma ponte, \u00e9 um sapo, \u00e9 uma r\u00e3<\/p>\n<\/blockquote>\n","protected":false},"excerpt":{"rendered":"<p>Falando em chuvas&#8230; photo credit: Muchaxo Olhando pela sacada da sala para a chuva que caia me lembrei instantaneamente das &#8216;\u00e1guas de mar\u00e7o&#8216;, can\u00e7\u00e3o de Tom Jobim imortalizada na minha mente pela voz de Elis Regina&#8230; com esse tempinho nada &hellip; <a href=\"https:\/\/www.reinaldo.pro.br\/blog\/2008\/03\/23\/aguas-de-marco\/\">Continue reading <span class=\"meta-nav\">&rarr;<\/span><\/a><\/p>\n","protected":false},"author":1,"featured_media":0,"comment_status":"open","ping_status":"open","sticky":false,"template":"","format":"standard","meta":[],"categories":[150,207,129],"tags":[206,954,208,209,960,949,109,107],"_links":{"self":[{"href":"https:\/\/www.reinaldo.pro.br\/blog\/wp-json\/wp\/v2\/posts\/252"}],"collection":[{"href":"https:\/\/www.reinaldo.pro.br\/blog\/wp-json\/wp\/v2\/posts"}],"about":[{"href":"https:\/\/www.reinaldo.pro.br\/blog\/wp-json\/wp\/v2\/types\/post"}],"author":[{"embeddable":true,"href":"https:\/\/www.reinaldo.pro.br\/blog\/wp-json\/wp\/v2\/users\/1"}],"replies":[{"embeddable":true,"href":"https:\/\/www.reinaldo.pro.br\/blog\/wp-json\/wp\/v2\/comments?post=252"}],"version-history":[{"count":0,"href":"https:\/\/www.reinaldo.pro.br\/blog\/wp-json\/wp\/v2\/posts\/252\/revisions"}],"wp:attachment":[{"href":"https:\/\/www.reinaldo.pro.br\/blog\/wp-json\/wp\/v2\/media?parent=252"}],"wp:term":[{"taxonomy":"category","embeddable":true,"href":"https:\/\/www.reinaldo.pro.br\/blog\/wp-json\/wp\/v2\/categories?post=252"},{"taxonomy":"post_tag","embeddable":true,"href":"https:\/\/www.reinaldo.pro.br\/blog\/wp-json\/wp\/v2\/tags?post=252"}],"curies":[{"name":"wp","href":"https:\/\/api.w.org\/{rel}","templated":true}]}}