
{"id":253,"date":"2008-03-24T18:41:02","date_gmt":"2008-03-24T21:41:02","guid":{"rendered":"http:\/\/reinaldo.pro.br\/blog\/2008\/03\/24\/dia-mundial-de-combate-a-tuberculose\/"},"modified":"2008-03-24T18:41:56","modified_gmt":"2008-03-24T21:41:56","slug":"dia-mundial-de-combate-a-tuberculose","status":"publish","type":"post","link":"https:\/\/www.reinaldo.pro.br\/blog\/2008\/03\/24\/dia-mundial-de-combate-a-tuberculose\/","title":{"rendered":"Dia Mundial de Combate \u00e0 Tuberculose"},"content":{"rendered":"<p><!--adsense#RetGrande_336x280_Saude--><\/p>\n<p><span style=\"FONT-SIZE: 1.2em\"><strong>Saber \u00e9 sempre bom&#8230; \ud83d\ude42<\/strong><\/span><\/p>\n<p style=\"TEXT-ALIGN: center\"><img loading=\"lazy\" src=\"http:\/\/i237.photobucket.com\/albums\/ff84\/reinaldoy\/vicentina_aranha.jpg\" style=\"BORDER-RIGHT: rgb(0,0,0) 2px solid; BORDER-TOP: rgb(0,0,0) 2px solid; DISPLAY: inline; BORDER-LEFT: rgb(0,0,0) 2px solid; WIDTH: 517px; BORDER-BOTTOM: rgb(0,0,0) 2px solid; HEIGHT: 231px\" title=\"Sanat\u00f3rio Vicentina Aranha\" height=\"231\" width=\"517\" alt=\"Sanat\u00f3rio Vicentina Aranha\"\/><br \/><span style=\"FONT-SIZE: 0.9em\">Vista do Sanat\u00f3rio Vicentina Aranha.<\/span><\/p>\n<p>A tuberculose \u00e9 uma das doen\u00e7as que mais vitimam pessoas desde \u00e9pocas mais remotas at\u00e9 hoje. \ud83d\ude25 Dada a facilidade de sua transmiss\u00e3o pelo ar contaminado por um paciente infectado com a bact\u00e9ria, deve-se tomar uma s\u00e9rie de cuidados para que a mesma n\u00e3o se alastre.<\/p>\n<p>Me lembro que o tratamento dessa doen\u00e7a fez parte da hist\u00f3ria de S\u00e3o Jos\u00e9 dos Campos, que era considerado em \u00e9pocas mais antigas um reduto excelente para tratamento dessa doen\u00e7a, devido aos seus bons &#8220;ares&#8221;, um \u00edcone dessa hist\u00f3ria criado na d\u00e9cada de 1920, foi o sanat\u00f3rio Vicentina Aranha.<\/p>\n<p>Hoje \u00e9 dia de combate mundial \u00e0 Tuberculose, segundo a Ag\u00eancia Brasil:<\/p>\n<blockquote>\n<p>[&#8230;]Lan\u00e7ada em 1982 pela Organiza\u00e7\u00e3o Mundial de Sa\u00fade (OMS) e pela Uni\u00e3o Internacional Contra Tuberculose e Doen\u00e7as Pulmonares, a data foi uma homenagem aos 100 anos do an\u00fancio do descobrimento do bacilo causador da doen\u00e7a, que ocorreu em 24 de mar\u00e7o de 1882.<\/p>\n<p>A descoberta do bacilo pelo pesquisador Robert Koch foi fundamental para o controle da tuberculose que, na \u00e9poca, vitimava grande parcela da popula\u00e7\u00e3o mundial. De acordo com a Organiza\u00e7\u00e3o Mundial de Sa\u00fade (OMS), um ter\u00e7o da popula\u00e7\u00e3o mundial est\u00e1 infectada com o bacilo de Koch sem, contudo, desenvolver a doen\u00e7a.<\/p>\n<p>Em todo o mundo, a tuberculose mata mais que qualquer outra infec\u00e7\u00e3o cur\u00e1vel. A cada dia, mais de 20 mil pessoas adoecem e 5 mil morrem vitimadas pelo mal que, tem sido considerado, desde 1993, uma emerg\u00eancia mundial. Os pa\u00edses em desenvolvimento registram 95% dos casos e 98% das mortes pela doen\u00e7a.[&#8230;]<\/p>\n<\/blockquote>\n<p>Veja a reportagem completa da Ag\u00eancia Brasil em &#8220;<a href=\"http:\/\/www.agenciabrasil.gov.br\/noticias\/2008\/03\/21\/materia.2008-03-21.6769605328\/view\" target=\"_blank\">Dia de Combate \u00e0 Tuberculose \u00e9 lembrado em todo o mundo<\/a>&#8220;.<\/p>\n<p>Leia tamb\u00e9m algumas informa\u00e7\u00f5es disponibilizadas pela Secretaria de Sa\u00fade e Defesa Civil do Governo do Rio de Janeiro em &#8220;<a href=\"http:\/\/www.saude.rj.gov.br\/tuberculose\/perguntas.shtml\" target=\"_blank\">Perguntas e Respostas sobre a Tuberculose<\/a>&#8220;.<\/p>\n<p>Na Wikipedia: &#8220;<a href=\"http:\/\/pt.wikipedia.org\/wiki\/Tuberculose\" target=\"_blank\">Tuberculose<\/a>&#8220;.<\/p>\n<p>A respeito do sanat\u00f3rio Vicentina Aranha em &#8220;<a href=\"http:\/\/www.sjc.sp.gov.br\/spu\/vicentina_aranha2.asp\" target=\"_blank\">Perfil do Sanat\u00f3rio Vicentina Aranha<\/a>&#8220;<\/p>\n<\/p>\n<p><\/p>\n<p><\/p>\n","protected":false},"excerpt":{"rendered":"<p>Saber \u00e9 sempre bom&#8230; \ud83d\ude42 Vista do Sanat\u00f3rio Vicentina Aranha. A tuberculose \u00e9 uma das doen\u00e7as que mais vitimam pessoas desde \u00e9pocas mais remotas at\u00e9 hoje. \ud83d\ude25 Dada a facilidade de sua transmiss\u00e3o pelo ar contaminado por um paciente infectado &hellip; <a href=\"https:\/\/www.reinaldo.pro.br\/blog\/2008\/03\/24\/dia-mundial-de-combate-a-tuberculose\/\">Continue reading <span class=\"meta-nav\">&rarr;<\/span><\/a><\/p>\n","protected":false},"author":1,"featured_media":0,"comment_status":"open","ping_status":"open","sticky":false,"template":"","format":"standard","meta":[],"categories":[36,24],"tags":[],"_links":{"self":[{"href":"https:\/\/www.reinaldo.pro.br\/blog\/wp-json\/wp\/v2\/posts\/253"}],"collection":[{"href":"https:\/\/www.reinaldo.pro.br\/blog\/wp-json\/wp\/v2\/posts"}],"about":[{"href":"https:\/\/www.reinaldo.pro.br\/blog\/wp-json\/wp\/v2\/types\/post"}],"author":[{"embeddable":true,"href":"https:\/\/www.reinaldo.pro.br\/blog\/wp-json\/wp\/v2\/users\/1"}],"replies":[{"embeddable":true,"href":"https:\/\/www.reinaldo.pro.br\/blog\/wp-json\/wp\/v2\/comments?post=253"}],"version-history":[{"count":0,"href":"https:\/\/www.reinaldo.pro.br\/blog\/wp-json\/wp\/v2\/posts\/253\/revisions"}],"wp:attachment":[{"href":"https:\/\/www.reinaldo.pro.br\/blog\/wp-json\/wp\/v2\/media?parent=253"}],"wp:term":[{"taxonomy":"category","embeddable":true,"href":"https:\/\/www.reinaldo.pro.br\/blog\/wp-json\/wp\/v2\/categories?post=253"},{"taxonomy":"post_tag","embeddable":true,"href":"https:\/\/www.reinaldo.pro.br\/blog\/wp-json\/wp\/v2\/tags?post=253"}],"curies":[{"name":"wp","href":"https:\/\/api.w.org\/{rel}","templated":true}]}}