
{"id":254,"date":"2008-03-25T19:46:00","date_gmt":"2008-03-25T22:46:00","guid":{"rendered":"http:\/\/reinaldo.pro.br\/blog\/2008\/03\/25\/parabens-25-de-marco-ops-rua-25-de-marco\/"},"modified":"2008-03-25T22:45:13","modified_gmt":"2008-03-26T01:45:13","slug":"parabens-25-de-marco-ops-rua-25-de-marco","status":"publish","type":"post","link":"https:\/\/www.reinaldo.pro.br\/blog\/2008\/03\/25\/parabens-25-de-marco-ops-rua-25-de-marco\/","title":{"rendered":"Parab\u00e9ns 25 de mar\u00e7o&#8230; ops! Rua 25 de mar\u00e7o&#8230;"},"content":{"rendered":"<p><!--adsense#RetGrande_336x280_Curiosidade--><\/p>\n<p><strong style=\"FONT-SIZE: 1.2em\">Porque a rua 25 de mar\u00e7o se chama 25 de mar\u00e7o?<\/strong><\/p>\n<p style=\"TEXT-ALIGN: center\"><img loading=\"lazy\" src=\"http:\/\/i237.photobucket.com\/albums\/ff84\/reinaldoy\/vintecinco2.jpg\" style=\"BORDER-RIGHT: rgb(0,0,0) 1px solid; BORDER-TOP: rgb(0,0,0) 1px solid; DISPLAY: inline; BORDER-LEFT: rgb(0,0,0) 1px solid; WIDTH: 500px; BORDER-BOTTOM: rgb(0,0,0) 1px solid; HEIGHT: 375px\" title=\"Formigueiro!\" height=\"375\" width=\"500\" alt=\"Formigueiro!\"\/><br \/><span style=\"FONT-SIZE: 0.9em\"><strong>Quanta gente!<\/strong> [Foto: <a href=\"http:\/\/www.flickr.com\/photos\/fernandapapov\/2019437319\/\" target=\"_blank\">Fenanda Papov<\/a>]<\/span><\/p>\n<p>A t\u00e3o famosa Rua 25 de mar\u00e7o em S\u00e3o Paulo, comemora hoje 114 anos. E de t\u00e3o famosa j\u00e1 est\u00e3o <a href=\"http:\/\/g1.globo.com\/Noticias\/SaoPaulo\/0,,MUL362076-5605,00.html\" target=\"_blank\" title='Leia no G1: \"Rua 25 de Mar\u00e7o faz 114 anos com projeto de \u2018filial\u2019 \"'>querendo fazer a sua vers\u00e3o pirata<\/a>, hehehe&#8230; \ud83d\ude06<\/p>\n<p>Conhecida no Brasil inteiro como a rua do com\u00e9rcio <del>informal<\/del> popular, a rua 25 de mar\u00e7o \u00e9 uma das ruas de S\u00e3o Paulo mais disputadas pelos <del>muambeiros camel\u00f4s<\/del> comerciantes e sacoleiros de plant\u00e3o sempre atr\u00e1s de todo tipo de <del>bugiganga<\/del> mercadoria possivel de se comercializar.<\/p>\n<p>Mas qual o motivo da rua se chamar vinte e cinco de mar\u00e7o? Seria o motivo de comemora\u00e7\u00e3o de alguma data importante? Algum acontecimento que mereceu destaque? Dia de algum Santo? Porque ela fica entre a rua 24 e 26 de mar\u00e7o? d\u00e3\u00e3\u00e3nnnn&#8230;<\/p>\n<p>Ou h\u00e1 114 anos atr\u00e1s simplesmente apontaram o dedo para o calend\u00e1rio e disseram: -Ah! Essa rua t\u00e1 sem nome!? <strong>P\u00f5e ai o nome de 25 de mar\u00e7o!<\/strong><\/p>\n<p><strong>&#8230; mist\u00e9\u00e9\u00e9riiiooo&#8230; \ud83d\ude2f<\/strong><\/p>\n<p style=\"TEXT-ALIGN: center\"><img loading=\"lazy\" src=\"http:\/\/i237.photobucket.com\/albums\/ff84\/reinaldoy\/vintecinco.jpg\" style=\"BORDER-RIGHT: rgb(0,0,0) 1px solid; BORDER-TOP: rgb(0,0,0) 1px solid; DISPLAY: inline; BORDER-LEFT: rgb(0,0,0) 1px solid; WIDTH: 500px; BORDER-BOTTOM: rgb(0,0,0) 1px solid; HEIGHT: 334px\" title=\"Vende-se de tudo!\" height=\"334\" width=\"500\" alt=\"Vende-se de tudo!\"\/><br \/><span style=\"FONT-SIZE: 0.9em\"><strong>Aqui voc\u00ea encontra tudo! Tudo mesmo!<\/strong> [<a href=\"http:\/\/www.flickr.com\/photos\/sergioalberti\/2194619050\/\" target=\"_blank\">Foto: Sergio Alberti<\/a>]<\/span><\/p>\n<p>Procurando no calend\u00e1rio n\u00e3o encontrei nenhuma pista, as duas \u00fanicas datas especiais que constam para o m\u00eas de mar\u00e7o de 2008 s\u00e3o o dia 21(sexta-feira da paix\u00e3o) e o dia 23(P\u00e1scoa). Oras ent\u00e3o porque batizar uma rua logo com o dia 25 de mar\u00e7o?<\/p>\n<p>Consultando a <a href=\"http:\/\/pt.wikipedia.org\/wiki\/25_de_Mar%C3%A7o\" target=\"_blank\">Wikipedia sobre a referida data<\/a>, em fatos importantes (e nem t\u00e3o importantes assim&#8230;) ocorridos nessa data relacionei os que eu considerei mais relevantes para esta curiosa investiga\u00e7\u00e3o:<\/p>\n<p>1) em 25 de mar\u00e7o de 1590, ocorre a Funda\u00e7\u00e3o do Mosteiro de S\u00e3o Bento, no Rio de Janeiro;<br \/>2) em 25 de mar\u00e7o de 1824, o imperador do Brasil, Dom Pedro I, aprova uma Constitui\u00e7\u00e3o liberal apresentada pelo Conselho de Estado;<br \/>3) em 25 de mar\u00e7o de 1854, come\u00e7am a funcionar os primeiros lampi\u00f5es a g\u00e1s no Rio de Janeiro;<br \/>4) em 25 de mar\u00e7o de 1908, data de funda\u00e7\u00e3o do Clube Atl\u00e9tico Mineiro, um dos clubes de futebol mais tradicionais do Brasil;<br \/>5) em 25 de mar\u00e7o de 1922, funda\u00e7\u00e3o do Partido Comunista do Brasil, o PCB;<br \/>6) em 25 de mar\u00e7o comemora-se o dia de S\u00e3o Dimas, o Bom Ladr\u00e3o. (<span style=\"FONT-SIZE: 0.9em\">Eu hein, bom ladr\u00e3o?! que estranho!? mas tava l\u00e1 na Wiki<\/span>&#8230;) \ud83d\ude2f<\/p>\n<p>Parti do principio de que poderia ser um fato de relev\u00e2ncia nacional, portanto s\u00f3 selecionei datas onde os fatos est\u00e3o ligados ao Brasil.<br \/>Como hoje (25\/03\/2008), a rua comemora 114 anos de sua exist\u00eancia provavelmente tal data deveria estar relacionada a uma antes do ano de 1894, claro&#8230; ent\u00e3o est\u00e3o fora da pesquisa as datas de:<\/p>\n<p>25\/031908, data de funda\u00e7\u00e3o do Clube Atl\u00e9tico Mineiro, um dos clubes de futebol mais tradicionais do Brasil;<br \/>25\/03\/1922, funda\u00e7\u00e3o do Partido Comunista do Brasil, o PCB;<br \/>Que me perdoem os <em>atleticanos<\/em> e os <em>comunistas<\/em> de plant\u00e3o, n\u00e3o foi dessa vez&#8230; \ud83d\ude00<\/p>\n<p>Ent\u00e3o sobraram:<\/p>\n<p>25\/031590, ocorre a Funda\u00e7\u00e3o do Mosteiro de S\u00e3o Bento, no Rio de Janeiro;<br \/>25\/03\/1824, o imperador do Brasil, Dom Pedro I, aprova uma Constitui\u00e7\u00e3o liberal apresentada pelo Conselho de Estado;<br \/>25\/03\/1854, come\u00e7am a funcionar os primeiros lampi\u00f5es a g\u00e1s no Rio de Janeiro;<br \/>25\/03 (n\u00e3o tem o ano) comemora-se o dia de S\u00e3o Dimas, o Bom Ladr\u00e3o.<\/p>\n<p>Como a referida rua fica em S\u00e3o Paulo, logo pela <em>l\u00f3gica<\/em>, descarto tamb\u00e9m as datas ligadas ao Rio de Janeiro:<\/p>\n<p>25\/031590, ocorre a Funda\u00e7\u00e3o do Mosteiro de S\u00e3o Bento, no Rio de Janeiro;<br \/>25\/03\/1854, come\u00e7am a funcionar os primeiros lampi\u00f5es a g\u00e1s no Rio de Janeiro;<\/p>\n<p>Vejam s\u00f3! Sobraram ent\u00e3o duas datas:<\/p>\n<p>25\/03\/1824, o imperador do Brasil, Dom Pedro I, aprova uma Constitui\u00e7\u00e3o liberal apresentada pelo Conselho de Estado;<br \/>25\/03 (n\u00e3o tem o ano) comemora-se o dia de S\u00e3o Dimas, o Bom Ladr\u00e3o.<\/p>\n<p>Como a rep\u00fablica tinha sido proclamada h\u00e1 apenas cinco anos (em 1889) antes da rua ser nomeada (em 1894), acho que n\u00e3o seria de interesse no m\u00ednimo pol\u00edtico homenagear algo feito pelo imperador&#8230;<\/p>\n<p>S\u00f3 sobrou ent\u00e3o o dia de <a href=\"http:\/\/pt.wikipedia.org\/wiki\/S%C3%A3o_Dimas\" target=\"_blank\">S\u00e3o Dimas, o Bom (!?) Ladr\u00e3o<\/a>&#8230; ser\u00e1 isso ent\u00e3o?! O nome da rua \u00e9 uma homenagem ao S\u00e3o Dimas???? \ud83d\ude15 <strong>Ser\u00e1?!<\/strong><\/p>\n<p style=\"TEXT-ALIGN: center\"><strong>Se voc\u00ea tiver a resposta ou outra teoria deixe aqui sua mensagem&#8230; at\u00e9 mais&#8230; \ud83d\ude06<\/strong><\/p>\n<p style=\"TEXT-ALIGN: left\">\n","protected":false},"excerpt":{"rendered":"<p>Porque a rua 25 de mar\u00e7o se chama 25 de mar\u00e7o? Quanta gente! [Foto: Fenanda Papov] A t\u00e3o famosa Rua 25 de mar\u00e7o em S\u00e3o Paulo, comemora hoje 114 anos. E de t\u00e3o famosa j\u00e1 est\u00e3o querendo fazer a sua &hellip; <a href=\"https:\/\/www.reinaldo.pro.br\/blog\/2008\/03\/25\/parabens-25-de-marco-ops-rua-25-de-marco\/\">Continue reading <span class=\"meta-nav\">&rarr;<\/span><\/a><\/p>\n","protected":false},"author":1,"featured_media":0,"comment_status":"open","ping_status":"open","sticky":false,"template":"","format":"standard","meta":[],"categories":[9,37,34],"tags":[],"_links":{"self":[{"href":"https:\/\/www.reinaldo.pro.br\/blog\/wp-json\/wp\/v2\/posts\/254"}],"collection":[{"href":"https:\/\/www.reinaldo.pro.br\/blog\/wp-json\/wp\/v2\/posts"}],"about":[{"href":"https:\/\/www.reinaldo.pro.br\/blog\/wp-json\/wp\/v2\/types\/post"}],"author":[{"embeddable":true,"href":"https:\/\/www.reinaldo.pro.br\/blog\/wp-json\/wp\/v2\/users\/1"}],"replies":[{"embeddable":true,"href":"https:\/\/www.reinaldo.pro.br\/blog\/wp-json\/wp\/v2\/comments?post=254"}],"version-history":[{"count":0,"href":"https:\/\/www.reinaldo.pro.br\/blog\/wp-json\/wp\/v2\/posts\/254\/revisions"}],"wp:attachment":[{"href":"https:\/\/www.reinaldo.pro.br\/blog\/wp-json\/wp\/v2\/media?parent=254"}],"wp:term":[{"taxonomy":"category","embeddable":true,"href":"https:\/\/www.reinaldo.pro.br\/blog\/wp-json\/wp\/v2\/categories?post=254"},{"taxonomy":"post_tag","embeddable":true,"href":"https:\/\/www.reinaldo.pro.br\/blog\/wp-json\/wp\/v2\/tags?post=254"}],"curies":[{"name":"wp","href":"https:\/\/api.w.org\/{rel}","templated":true}]}}