
{"id":258,"date":"2008-03-29T15:50:33","date_gmt":"2008-03-29T18:50:33","guid":{"rendered":"http:\/\/reinaldo.pro.br\/blog\/2008\/03\/29\/danca-do-quadrado\/"},"modified":"2008-03-29T15:51:32","modified_gmt":"2008-03-29T18:51:32","slug":"danca-do-quadrado","status":"publish","type":"post","link":"https:\/\/www.reinaldo.pro.br\/blog\/2008\/03\/29\/danca-do-quadrado\/","title":{"rendered":"Dan\u00e7a do Quadrado."},"content":{"rendered":"<p><!--adsense#RetGrande_336x280_Humor--><\/p>\n<p><span style=\"FONT-SIZE: 1.2em\"><strong>Mais uma pra cabe\u00e7a&#8230; depois eu que sou quadrado! \ud83d\ude00<\/strong><\/span><\/p>\n<p style=\"TEXT-ALIGN: center\"><a href=\"http:\/\/www.flickr.com\/photos\/8068581@N02\/2369353121\/\" target=\"_blank\" title=\"Face Building - March 24, 08\"><img loading=\"lazy\" width=\"375\" alt=\"Face Building - March 24, 08\" height=\"500\" border=\"0\" src=\"http:\/\/farm3.static.flickr.com\/2166\/2369353121_cc09cee0c1.jpg\"\/><\/a><br \/><small><a href=\"http:\/\/creativecommons.org\/licenses\/by-sa\/2.0\/\" target=\"_blank\" title=\"Attribution-ShareAlike License\"><img loading=\"lazy\" src=\"http:\/\/reinaldo.pro.br\/blog\/wp-content\/plugins\/photo_dropper\/images\/cc.png\" align=\"absmiddle\" height=\"16\" width=\"16\" alt=\"Creative Commons License\" border=\"0\"\/><\/a> <a href=\"http:\/\/www.photodropper.com\/photos\/\" target=\"_blank\">photo<\/a> credit: <a href=\"http:\/\/www.flickr.com\/photos\/8068581@N02\/2369353121\/\" target=\"_blank\" title=\"ThrasherDave\">ThrasherDave<\/a><\/small><\/p>\n<p><strong>\ud83d\ude1b N\u00e3o sei porque ainda insisto em assistir TV<\/strong>: Vendo o Caldeir\u00e3o do Huck nesse s\u00e1bado me aparece mais uma &#8216;nova&#8217; dan\u00e7a para a mo\u00e7ada se divertir: a &#8216;<strong>dan\u00e7a do quadrado<\/strong>&#8216;. Tudo bem a musiquinha \u00e9 engra\u00e7ada, anima, a dan\u00e7a tamb\u00e9m \u00e9 divertida, o mais impressionante \u00e9 que n\u00e3o existe tanta apela\u00e7\u00e3o sexual (pelo menos na vers\u00e3o que eu vi&#8230;), que por sinal tem sido a moda entre as &#8216;dan\u00e7as&#8217; nessa categoria de dan\u00e7as com movimentos f\u00e1ceis de decorar e m\u00fasicas com letras <del>repitivas<\/del> <del>repetitivias<\/del> repetitivas que depois ficam martelando na nossa mente&#8230; <strong>Ado-Ado \u00e9 a dan\u00e7a do quadrado! isso at\u00e9 rima com retardado! Ado, ado, ado&#8230; tamo ficando retardado&#8230; \ud83d\ude00<\/strong><\/p>\n<p>Como existe o YouTube, nem preciso falar o que j\u00e1 tem por l\u00e1&#8230; n\u00e9!? \ud83d\ude09<\/p>\n<p style=\"TEXT-ALIGN: center\"><object width=\"425\" height=\"373\"><param name=\"movie\" value=\"http:\/\/www.youtube.com\/v\/1i1y2FHgixY&amp;color1=0x2b405b&amp;color2=0x6b8ab6&amp;border=1&amp;hl=pt-br\"\/><param name=\"wmode\" value=\"transparent\"\/><embed height=\"373\" width=\"425\" wmode=\"transparent\" type=\"application\/x-shockwave-flash\" src=\"http:\/\/www.youtube.com\/v\/1i1y2FHgixY&amp;color1=0x2b405b&amp;color2=0x6b8ab6&amp;border=1&amp;hl=pt-br\"\/><\/object><\/p>\n<p style=\"TEXT-ALIGN: left\">N\u00e3o sei porque, mas sinto que estamos cada vez mais perto de transformar a <a href=\"http:\/\/en.wikipedia.org\/wiki\/Idiocracy\" target=\"_blank\" title=\"Idiocracia, filme...\">fic\u00e7\u00e3o em realidade<\/a>. medo. \ud83d\ude2f<\/p>\n","protected":false},"excerpt":{"rendered":"<p>Mais uma pra cabe\u00e7a&#8230; depois eu que sou quadrado! \ud83d\ude00 photo credit: ThrasherDave \ud83d\ude1b N\u00e3o sei porque ainda insisto em assistir TV: Vendo o Caldeir\u00e3o do Huck nesse s\u00e1bado me aparece mais uma &#8216;nova&#8217; dan\u00e7a para a mo\u00e7ada se divertir: &hellip; <a href=\"https:\/\/www.reinaldo.pro.br\/blog\/2008\/03\/29\/danca-do-quadrado\/\">Continue reading <span class=\"meta-nav\">&rarr;<\/span><\/a><\/p>\n","protected":false},"author":1,"featured_media":0,"comment_status":"open","ping_status":"open","sticky":false,"template":"","format":"standard","meta":[],"categories":[22,111,34,110],"tags":[88,222,223,910,225,221,917,224,944],"_links":{"self":[{"href":"https:\/\/www.reinaldo.pro.br\/blog\/wp-json\/wp\/v2\/posts\/258"}],"collection":[{"href":"https:\/\/www.reinaldo.pro.br\/blog\/wp-json\/wp\/v2\/posts"}],"about":[{"href":"https:\/\/www.reinaldo.pro.br\/blog\/wp-json\/wp\/v2\/types\/post"}],"author":[{"embeddable":true,"href":"https:\/\/www.reinaldo.pro.br\/blog\/wp-json\/wp\/v2\/users\/1"}],"replies":[{"embeddable":true,"href":"https:\/\/www.reinaldo.pro.br\/blog\/wp-json\/wp\/v2\/comments?post=258"}],"version-history":[{"count":0,"href":"https:\/\/www.reinaldo.pro.br\/blog\/wp-json\/wp\/v2\/posts\/258\/revisions"}],"wp:attachment":[{"href":"https:\/\/www.reinaldo.pro.br\/blog\/wp-json\/wp\/v2\/media?parent=258"}],"wp:term":[{"taxonomy":"category","embeddable":true,"href":"https:\/\/www.reinaldo.pro.br\/blog\/wp-json\/wp\/v2\/categories?post=258"},{"taxonomy":"post_tag","embeddable":true,"href":"https:\/\/www.reinaldo.pro.br\/blog\/wp-json\/wp\/v2\/tags?post=258"}],"curies":[{"name":"wp","href":"https:\/\/api.w.org\/{rel}","templated":true}]}}