
{"id":259,"date":"2008-03-30T11:19:23","date_gmt":"2008-03-30T14:19:23","guid":{"rendered":"http:\/\/reinaldo.pro.br\/blog\/2008\/03\/30\/datas-comemorativas-do-mes-de-abril-de-2008\/"},"modified":"2008-04-17T22:38:44","modified_gmt":"2008-04-18T01:38:44","slug":"datas-comemorativas-do-mes-de-abril-de-2008","status":"publish","type":"post","link":"https:\/\/www.reinaldo.pro.br\/blog\/2008\/03\/30\/datas-comemorativas-do-mes-de-abril-de-2008\/","title":{"rendered":"Datas comemorativas do m\u00eas de abril de 2008"},"content":{"rendered":"<p><!--adsense#RetGrande_336x280_Calendario--><\/p>\n<p><span style=\"FONT-SIZE: 1.2em\"><strong>M\u00eas de abril chegando&#8230;<\/strong><\/span><\/p>\n<p style=\"TEXT-ALIGN: center\"><img loading=\"lazy\" style=\"BORDER-RIGHT: #008000 1px solid; BORDER-TOP: #008000 1px solid; DISPLAY: inline; BORDER-LEFT: #008000 1px solid; WIDTH: 333px; BORDER-BOTTOM: #008000 1px solid; HEIGHT: 500px\" src=\"http:\/\/farm1.static.flickr.com\/197\/440672445_69ed634b34.jpg\" border=\"0\" alt=\"Atlas, it's time for your bath\" width=\"333\" height=\"500\" \/><br \/>\n<small><span style=\"FONT-SIZE: 0.9em\"><small>[ Dia 22 \u00e9 o dia do Planeta Terra! \ud83d\ude42 ]<\/small><\/span><a title=\"Attribution License\" href=\"http:\/\/creativecommons.org\/licenses\/by\/2.0\/\" target=\"_blank\"><img loading=\"lazy\" src=\"http:\/\/reinaldo.pro.br\/blog\/wp-content\/plugins\/photo_dropper\/images\/cc.png\" border=\"0\" alt=\"Creative Commons License\" width=\"16\" height=\"16\" align=\"absmiddle\" \/><\/a> <a href=\"http:\/\/www.photodropper.com\/photos\/\" target=\"_blank\">photo<\/a> credit: <a title=\"woodleywonderworks\" href=\"http:\/\/www.flickr.com\/photos\/73645804@N00\/440672445\/\" target=\"_blank\">woodleywonderworks<\/a><\/small><\/p>\n<p><strong>\ud83d\ude00 Quantas coisas para se comemorar em abril&#8230;<\/strong> por exemplo s\u00f3 no dia 21 comemoram-se 5 (cinco!) temas diferentes: Tiradentes, dia da Latinidade, dia do Metal\u00fargico, dia do Policial Civil e dia do Policial Militar. Veja as demais datas a seguir:<\/p>\n<p>01 &#8211; Dia da Mentira<br \/>\n01 &#8211; Dia da Aboli\u00e7\u00e3o da Escravid\u00e3o dos \u00cdndios &#8211; 1680<br \/>\n02 &#8211; Dia do Propagandista<br \/>\n02 &#8211; Dia Internacional do Livro Infantil<br \/>\n04 &#8211; Dia Nacional do Parkinsoniano<br \/>\n07 &#8211; Dia do Corretor<br \/>\n07 &#8211; Dia do Jornalismo<br \/>\n07 &#8211; Dia do M\u00e9dico Legista<br \/>\n07 &#8211; Dia Mundial da Sa\u00fade<br \/>\n08 &#8211; Dia da Nata\u00e7\u00e3o<br \/>\n08 &#8211; Dia do Correio<br \/>\n08 &#8211; Dia Mundial do Combate ao C\u00e2ncer<br \/>\n09 &#8211; Dia Nacional do A\u00e7o<br \/>\n10 &#8211; Dia da Engenharia<br \/>\n12 &#8211; Dia do Obstetra<br \/>\n13 &#8211; Dia do Office-Boy<br \/>\n13 &#8211; Dia dos Jovens<br \/>\n13 &#8211; Dia do Hino Nacional -1\u00ba Execu\u00e7\u00e3o do Hino Nacional Brasileiro -1831<br \/>\n14 &#8211; Dia Pan-Americano<br \/>\n15 &#8211; Dia da Conserva\u00e7\u00e3o do Solo<br \/>\n15 &#8211; Dia Mundial do Desenhista<br \/>\n15 &#8211; Dia do Desarmamento Infantil<br \/>\n16 &#8211; Dia da Voz<br \/>\n18 &#8211; Dia Nacional do Livro Infantil<br \/>\n18 &#8211; Dia de Monteiro Lobato<br \/>\n19 &#8211; Dia do \u00cdndio<br \/>\n19 &#8211; Dia do Ex\u00e9rcito Brasileiro<br \/>\n20 &#8211; Dia do Diplomata<br \/>\n20 &#8211; Dia do Disco<br \/>\n<strong>21 &#8211; Tiradentes (Feriado Nacional)<br \/>\n<\/strong><strong><\/strong>21 &#8211; Funda\u00e7\u00e3o de Bras\u00edlia<br \/>\n21 &#8211; Dia da Latinidade<br \/>\n21 &#8211; Dia do Metal\u00fargico<br \/>\n21 &#8211; Dia do Policial Civil<br \/>\n21 &#8211; Dia do Policial Militar<br \/>\n22 &#8211; Descobrimento do Brasil<br \/>\n22 &#8211; Dia da For\u00e7a A\u00e9rea Brasileira<br \/>\n22 &#8211; Dia da Comunidade luso-brasileira<br \/>\n22 &#8211; Dia do Planeta Terra<br \/>\n23 &#8211; Dia de S\u00e3o Jorge<br \/>\n23 &#8211; Dia Mundial do Escoteiro<br \/>\n23 &#8211; Dia Mundial do Livro e do Direito do Autor<br \/>\n23 &#8211; Dia Nacional da Educa\u00e7\u00e3o de Surdos<br \/>\n24 &#8211; Dia do Agente de Viagem<br \/>\n24 &#8211; Dia Internacional do Jovem Trabalhador<br \/>\n25 &#8211; Dia do Contabilista<br \/>\n26 &#8211; Dia do Goleiro<br \/>\n26 &#8211; Dia da 1\u00aa Missa no Brasil<br \/>\n27 &#8211; Dia da Empregada Dom\u00e9stica<br \/>\n27 &#8211; Dia do Sacerdote<br \/>\n28 &#8211; Dia da Educa\u00e7\u00e3o<br \/>\n28 &#8211; Dia da Sogra<br \/>\n30 &#8211; Dia do Ferrovi\u00e1rio<br \/>\n30 &#8211; Dia Nacional da Mulher<\/p>\n","protected":false},"excerpt":{"rendered":"<p>M\u00eas de abril chegando&#8230; [ Dia 22 \u00e9 o dia do Planeta Terra! \ud83d\ude42 ] photo credit: woodleywonderworks \ud83d\ude00 Quantas coisas para se comemorar em abril&#8230; por exemplo s\u00f3 no dia 21 comemoram-se 5 (cinco!) temas diferentes: Tiradentes, dia da &hellip; <a href=\"https:\/\/www.reinaldo.pro.br\/blog\/2008\/03\/30\/datas-comemorativas-do-mes-de-abril-de-2008\/\">Continue reading <span class=\"meta-nav\">&rarr;<\/span><\/a><\/p>\n","protected":false},"author":1,"featured_media":0,"comment_status":"open","ping_status":"open","sticky":false,"template":"","format":"standard","meta":[],"categories":[36,37,38],"tags":[918,919,920],"_links":{"self":[{"href":"https:\/\/www.reinaldo.pro.br\/blog\/wp-json\/wp\/v2\/posts\/259"}],"collection":[{"href":"https:\/\/www.reinaldo.pro.br\/blog\/wp-json\/wp\/v2\/posts"}],"about":[{"href":"https:\/\/www.reinaldo.pro.br\/blog\/wp-json\/wp\/v2\/types\/post"}],"author":[{"embeddable":true,"href":"https:\/\/www.reinaldo.pro.br\/blog\/wp-json\/wp\/v2\/users\/1"}],"replies":[{"embeddable":true,"href":"https:\/\/www.reinaldo.pro.br\/blog\/wp-json\/wp\/v2\/comments?post=259"}],"version-history":[{"count":0,"href":"https:\/\/www.reinaldo.pro.br\/blog\/wp-json\/wp\/v2\/posts\/259\/revisions"}],"wp:attachment":[{"href":"https:\/\/www.reinaldo.pro.br\/blog\/wp-json\/wp\/v2\/media?parent=259"}],"wp:term":[{"taxonomy":"category","embeddable":true,"href":"https:\/\/www.reinaldo.pro.br\/blog\/wp-json\/wp\/v2\/categories?post=259"},{"taxonomy":"post_tag","embeddable":true,"href":"https:\/\/www.reinaldo.pro.br\/blog\/wp-json\/wp\/v2\/tags?post=259"}],"curies":[{"name":"wp","href":"https:\/\/api.w.org\/{rel}","templated":true}]}}