
{"id":261,"date":"2008-04-01T19:15:58","date_gmt":"2008-04-01T22:15:58","guid":{"rendered":"http:\/\/reinaldo.pro.br\/blog\/2008\/04\/01\/primeiro-de-abril\/"},"modified":"2008-04-01T19:19:00","modified_gmt":"2008-04-01T22:19:00","slug":"primeiro-de-abril","status":"publish","type":"post","link":"https:\/\/www.reinaldo.pro.br\/blog\/2008\/04\/01\/primeiro-de-abril\/","title":{"rendered":"Primeiro de abril&#8230;"},"content":{"rendered":"<p><span style=\"FONT-SIZE: 1.2em\"><strong>Hoje \u00e9 primeiro de abril&#8230;<\/strong><\/span><\/p>\n<p style=\"TEXT-ALIGN: center\"><a href=\"http:\/\/www.flickr.com\/photos\/47207654@N00\/43230361\/\" target=\"_blank\" title=\"be you! (I know about what I'm saying)\"><img loading=\"lazy\" src=\"http:\/\/farm1.static.flickr.com\/33\/43230361_11abd17b78.jpg\" style=\"BORDER-RIGHT: rgb(0,0,0) 1px solid; BORDER-TOP: rgb(0,0,0) 1px solid; DISPLAY: inline; BORDER-LEFT: rgb(0,0,0) 1px solid; WIDTH: 500px; BORDER-BOTTOM: rgb(0,0,0) 1px solid; HEIGHT: 375px\" height=\"375\" width=\"500\" alt=\"be you! (I know about what I'm saying)\" border=\"0\"\/><\/a><br \/><small><a href=\"http:\/\/creativecommons.org\/licenses\/by\/2.0\/\" target=\"_blank\" title=\"Attribution License\"><img loading=\"lazy\" src=\"http:\/\/reinaldo.pro.br\/blog\/wp-content\/plugins\/photo_dropper\/images\/cc.png\" align=\"absmiddle\" height=\"16\" width=\"16\" alt=\"Creative Commons License\" border=\"0\"\/><\/a> <a href=\"http:\/\/www.photodropper.com\/photos\/\" target=\"_blank\">photo<\/a> credit: <a href=\"http:\/\/www.flickr.com\/photos\/47207654@N00\/43230361\/\" target=\"_blank\" title=\"procsilas\">procsilas<\/a><\/small><\/p>\n<p>Hoje \u00e9 dia 1\u00ba de abril, dia da mentira. Sobre a origem desta comemora\u00e7\u00e3o a Wikipedia nos diz:<\/p>\n<p style=\"FLOAT: left; MARGIN-BOTTOM: 3px; WIDTH: 145px; MARGIN-RIGHT: 5px; HEIGHT: 270px\"><!--adsense#BannerVertical_120x240_Curiosidade--><\/p>\n<blockquote>\n<p>H\u00e1 muitas explica\u00e7\u00f5es para o 1 de abril ter se transformado no Dia da Mentira ou Dia dos Bobos. Uma delas diz que a brincadeira surgiu na Fran\u00e7a. Desde o come\u00e7o do s\u00e9culo XVI, o Ano Novo era festejado no dia 25 de Mar\u00e7o, data que marcava a chegada da primavera. As festas duravam uma semana e terminavam no dia 1 de abril.<\/p>\n<\/blockquote>\n<p>U\u00e9, seria este o motivo do nome daquela <a href=\"http:\/\/reinaldo.pro.br\/blog\/2008\/03\/25\/parabens-25-de-marco-ops-rua-25-de-marco\/\" title=\"Sobre a Rua 25 de mar\u00e7o...\">rua<\/a>? \ud83d\ude15<\/p>\n<p>Mas continuando existe uma outra teoria sobre a referida data:<\/p>\n<blockquote>\n<p>Em 1564, depois da ado\u00e7\u00e3o do calend\u00e1rio gregoriano, o rei Carlos IX de Fran\u00e7a determinou que o ano novo seria comemorado no dia 1 de janeiro. Alguns franceses resistiram \u00e0 mudan\u00e7a e continuaram a seguir o calend\u00e1rio antigo, pelo qual o ano iniciaria em 1 de abril. Gozadores passaram ent\u00e3o a ridiculariz\u00e1-los, a enviar presentes esquisitos e convites para festas que n\u00e3o existiam. Essas brincadeiras ficaram conhecidas como plaisanteries.<\/p>\n<\/blockquote>\n<p>Acho esta segunda teoria mais interessante e ver\u00eddica, imagina naquela \u00e9poca um cara sai as ruas gritando: &#8220;-O rei Carlos mudou o calend\u00e1rio e o ano novo ser\u00e1 comemorado em 1\u00ba de janeiro e bl\u00e1, bl\u00e1, bl\u00e1&#8230;&#8221; at\u00e9 o povo todo saber da not\u00edcia e al\u00e9m disso <strong>acreditar<\/strong> \ud83d\ude2f nela, a confus\u00e3o j\u00e1 estaria feita&#8230; \ud83d\ude06 heheh, hoje em tempos de internet, tv e telefone j\u00e1 ficamos desconfiados imagina naquela \u00e9poca&#8230; \ud83d\ude1b<\/p>\n<p><strong>Bom dia da mentira!<\/strong> E n\u00e3o abuse ao pregar as pe\u00e7as&#8230; \ud83d\ude06<\/p>\n<p><\/p>\n<p><span style=\"FONT-SIZE: 0.9em\">Fonte: Wikipedia &#8220;<a href=\"http:\/\/pt.wikipedia.org\/wiki\/Dia_da_mentira\" target=\"_blank\">Dia da Mentira<\/a>&#8220;<\/span><\/p>\n","protected":false},"excerpt":{"rendered":"<p>Hoje \u00e9 primeiro de abril&#8230; photo credit: procsilas Hoje \u00e9 dia 1\u00ba de abril, dia da mentira. Sobre a origem desta comemora\u00e7\u00e3o a Wikipedia nos diz: H\u00e1 muitas explica\u00e7\u00f5es para o 1 de abril ter se transformado no Dia da &hellip; <a href=\"https:\/\/www.reinaldo.pro.br\/blog\/2008\/04\/01\/primeiro-de-abril\/\">Continue reading <span class=\"meta-nav\">&rarr;<\/span><\/a><\/p>\n","protected":false},"author":1,"featured_media":0,"comment_status":"open","ping_status":"open","sticky":false,"template":"","format":"standard","meta":[],"categories":[150,9,37],"tags":[],"_links":{"self":[{"href":"https:\/\/www.reinaldo.pro.br\/blog\/wp-json\/wp\/v2\/posts\/261"}],"collection":[{"href":"https:\/\/www.reinaldo.pro.br\/blog\/wp-json\/wp\/v2\/posts"}],"about":[{"href":"https:\/\/www.reinaldo.pro.br\/blog\/wp-json\/wp\/v2\/types\/post"}],"author":[{"embeddable":true,"href":"https:\/\/www.reinaldo.pro.br\/blog\/wp-json\/wp\/v2\/users\/1"}],"replies":[{"embeddable":true,"href":"https:\/\/www.reinaldo.pro.br\/blog\/wp-json\/wp\/v2\/comments?post=261"}],"version-history":[{"count":0,"href":"https:\/\/www.reinaldo.pro.br\/blog\/wp-json\/wp\/v2\/posts\/261\/revisions"}],"wp:attachment":[{"href":"https:\/\/www.reinaldo.pro.br\/blog\/wp-json\/wp\/v2\/media?parent=261"}],"wp:term":[{"taxonomy":"category","embeddable":true,"href":"https:\/\/www.reinaldo.pro.br\/blog\/wp-json\/wp\/v2\/categories?post=261"},{"taxonomy":"post_tag","embeddable":true,"href":"https:\/\/www.reinaldo.pro.br\/blog\/wp-json\/wp\/v2\/tags?post=261"}],"curies":[{"name":"wp","href":"https:\/\/api.w.org\/{rel}","templated":true}]}}