
{"id":263,"date":"2008-04-03T18:35:29","date_gmt":"2008-04-03T21:35:29","guid":{"rendered":"http:\/\/reinaldo.pro.br\/blog\/2008\/04\/03\/fazer-o-que-com-as-tarifas-bancarias\/"},"modified":"2008-04-03T18:46:21","modified_gmt":"2008-04-03T21:46:21","slug":"fazer-o-que-com-as-tarifas-bancarias","status":"publish","type":"post","link":"https:\/\/www.reinaldo.pro.br\/blog\/2008\/04\/03\/fazer-o-que-com-as-tarifas-bancarias\/","title":{"rendered":"Fazer o que com as tarifas banc\u00e1rias?"},"content":{"rendered":"<p><span style=\"FONT-SIZE: 1.2em\"><strong>At\u00e9 meu c\u00e9rebro pegar no tranco&#8230;<\/strong><\/span><\/p>\n<p style=\"TEXT-ALIGN: center\"><a href=\"http:\/\/www.flickr.com\/photos\/18451363@N00\/520884086\/\" target=\"_blank\" title=\"Moedas\"><img loading=\"lazy\" width=\"334\" alt=\"Moedas\" height=\"500\" border=\"0\" src=\"http:\/\/farm1.static.flickr.com\/252\/520884086_5959db3caf.jpg\"\/><\/a><br \/><small><a href=\"http:\/\/creativecommons.org\/licenses\/by\/2.0\/\" target=\"_blank\" title=\"Attribution License\"><img loading=\"lazy\" src=\"http:\/\/reinaldo.pro.br\/blog\/wp-content\/plugins\/photo_dropper\/images\/cc.png\" align=\"absmiddle\" height=\"16\" width=\"16\" alt=\"Creative Commons License\" border=\"0\"\/><\/a> <a href=\"http:\/\/www.photodropper.com\/photos\/\" target=\"_blank\">photo<\/a> credit: <a href=\"http:\/\/www.flickr.com\/photos\/18451363@N00\/520884086\/\" target=\"_blank\" title=\"Goldemberg Fonseca\">Goldemberg Fonseca<\/a><\/small><\/p>\n<p><\/p>\n<p>Para voc\u00ea ver como as vezes a gente l\u00ea <del>sem enxergar<\/del> as coisas sem parar para pensar&#8230; Li a not\u00edcia na Ag\u00eancia Brasil que dizia &#8220;<a href=\"http:\/\/www.agenciabrasil.gov.br\/noticias\/2008\/03\/31\/materia.2008-03-31.5912257814\/view\" target=\"_blank\" title=\"Leia na Ag\u00eancia Brasil\">Padroniza\u00e7\u00e3o dos nomes de tarifas banc\u00e1rias facilitar\u00e1 compara\u00e7\u00e3o, diz t\u00e9cnica do Procon<\/a>&#8220;. Logo depois de ler a reportagem pensei:<\/p>\n<p>-Legal! Precisava disso mesmo, as tarifas est\u00e3o com pre\u00e7os absurdos!<\/p>\n<p>Mas da\u00ed logo me veio a mente: \ud83d\ude15<\/p>\n<p>-U\u00e9! Mas isso ai n\u00e3o \u00e9 o tal de &#8220;<a href=\"http:\/\/pt.wikipedia.org\/wiki\/Cartel\" target=\"_blank\" title='Veja o que a Wikipedia sabe sobre o tal de \"Cartel\"...'>cartel<\/a>&#8220;? Quando todos combinam de usar o mesmo pre\u00e7o para explorar n\u00f3s os <del>pbroes<\/del> <del>pobers<\/del> <del>porbe<\/del> pobres cidad\u00e3os? <em>Put&#8217;z<\/em> mas da\u00ed n\u00e3o <em><strong>pooooooode<\/strong><\/em>! E ainda por cima o PROCON apoiando esta id\u00e9ia, que coisa&#8230; \ud83d\ude2f<\/p>\n<p style=\"FLOAT: right; MARGIN-BOTTOM: 3px; MARGIN-LEFT: 5px; WIDTH: 138px; HEIGHT: 247px\"><!--adsense#BannerVertical_120x240_Economia--><\/p>\n<p>Hahaha, depois de alguns minutos e duas x\u00edcaras de caf\u00e9 depois, acho que meu c\u00e9rebro come\u00e7ou a funcionar, da\u00ed entendi o <em>bug<\/em> na minha interpreta\u00e7\u00e3o de texto&#8230;<\/p>\n<p>Na verdade por determina\u00e7\u00e3o do Conselho Monet\u00e1rio Nacional (CMN), os bancos ter\u00e3o que padronizar os <strong>nomes das tarifas<\/strong> cobradas pelas institui\u00e7\u00f5es de seus correntistas.<br \/>Vale ressaltar que isso n\u00e3o tem a ver com o <strong>valor das tarifas<\/strong>. Na realidade o valor das tarifas continuam a merc\u00ea dos bancos, ou seja, cada banco diz quanto vai <del>explorar<\/del> cobrar pela tarifa, o que muda, ou melhor, o que vai ficar <strong>IGUAL<\/strong> para todos os bancos s\u00e3o os nomes das tarifas para que n\u00f3s n\u00e3o confundamos alhos com bugalhos. Como eu tinha acabado de fazer&#8230; affff. tamb\u00e9m logo pela manh\u00e3 \u00e9 fogo&#8230; \ud83d\ude1b<\/p>\n<p>Espero que isso melhore um pouco nossa rela\u00e7\u00e3o com os bancos, pois toda vez que preciso utilizar um servi\u00e7o banc\u00e1rio, tenho a sensa\u00e7\u00e3o de estar sendo enganado por aquele <em>nomezinho<\/em> safado da tarifa, que as vezes n\u00e3o explica nada&#8230; e pesa muito no bolso. \ud83d\ude10<\/p>\n<\/p>\n<p><\/p>\n","protected":false},"excerpt":{"rendered":"<p>At\u00e9 meu c\u00e9rebro pegar no tranco&#8230; photo credit: Goldemberg Fonseca Para voc\u00ea ver como as vezes a gente l\u00ea sem enxergar as coisas sem parar para pensar&#8230; Li a not\u00edcia na Ag\u00eancia Brasil que dizia &#8220;Padroniza\u00e7\u00e3o dos nomes de tarifas &hellip; <a href=\"https:\/\/www.reinaldo.pro.br\/blog\/2008\/04\/03\/fazer-o-que-com-as-tarifas-bancarias\/\">Continue reading <span class=\"meta-nav\">&rarr;<\/span><\/a><\/p>\n","protected":false},"author":1,"featured_media":0,"comment_status":"open","ping_status":"open","sticky":false,"template":"","format":"standard","meta":[],"categories":[134],"tags":[240,163,239,241,105],"_links":{"self":[{"href":"https:\/\/www.reinaldo.pro.br\/blog\/wp-json\/wp\/v2\/posts\/263"}],"collection":[{"href":"https:\/\/www.reinaldo.pro.br\/blog\/wp-json\/wp\/v2\/posts"}],"about":[{"href":"https:\/\/www.reinaldo.pro.br\/blog\/wp-json\/wp\/v2\/types\/post"}],"author":[{"embeddable":true,"href":"https:\/\/www.reinaldo.pro.br\/blog\/wp-json\/wp\/v2\/users\/1"}],"replies":[{"embeddable":true,"href":"https:\/\/www.reinaldo.pro.br\/blog\/wp-json\/wp\/v2\/comments?post=263"}],"version-history":[{"count":0,"href":"https:\/\/www.reinaldo.pro.br\/blog\/wp-json\/wp\/v2\/posts\/263\/revisions"}],"wp:attachment":[{"href":"https:\/\/www.reinaldo.pro.br\/blog\/wp-json\/wp\/v2\/media?parent=263"}],"wp:term":[{"taxonomy":"category","embeddable":true,"href":"https:\/\/www.reinaldo.pro.br\/blog\/wp-json\/wp\/v2\/categories?post=263"},{"taxonomy":"post_tag","embeddable":true,"href":"https:\/\/www.reinaldo.pro.br\/blog\/wp-json\/wp\/v2\/tags?post=263"}],"curies":[{"name":"wp","href":"https:\/\/api.w.org\/{rel}","templated":true}]}}