
{"id":267,"date":"2008-04-06T09:43:41","date_gmt":"2008-04-06T12:43:41","guid":{"rendered":"http:\/\/reinaldo.pro.br\/blog\/2008\/04\/06\/dia-mundial-da-atividade-fisica\/"},"modified":"2008-06-29T11:55:16","modified_gmt":"2008-06-29T14:55:16","slug":"dia-mundial-da-atividade-fisica","status":"publish","type":"post","link":"https:\/\/www.reinaldo.pro.br\/blog\/2008\/04\/06\/dia-mundial-da-atividade-fisica\/","title":{"rendered":"Dia Mundial da Atividade F\u00edsica"},"content":{"rendered":"<p><span style=\"FONT-SIZE: 1.2em\"><strong>Hoje \u00e9 dia da Atividade F\u00edsica e da Sa\u00fade! Viva! \ud83d\ude06<\/strong><\/span><\/p>\n<p style=\"TEXT-ALIGN: center\"><img loading=\"lazy\" style=\"BORDER-RIGHT: #000000 1px solid; BORDER-TOP: #000000 1px solid; DISPLAY: inline; BORDER-LEFT: #000000 1px solid; WIDTH: 375px; BORDER-BOTTOM: #000000 1px solid; HEIGHT: 500px\" title=\"-Eu sempre levo minha dona para passear, e voc\u00ea!?\" src=\"http:\/\/farm1.static.flickr.com\/50\/143082705_26d0057d47.jpg\" border=\"0\" alt=\"-Eu sempre levo minha dona para passear, e voc\u00ea!?\" width=\"375\" height=\"500\" \/><br \/>\n<small>[ <em><strong>-Eu sempre levo minha dona para passear, e voc\u00ea!?<\/strong><\/em> \ud83d\ude06 ]<a title=\"Attribution-NoDerivs License\" href=\"http:\/\/creativecommons.org\/licenses\/by-nd\/2.0\/\" target=\"_blank\"><img loading=\"lazy\" src=\"http:\/\/reinaldo.pro.br\/blog\/wp-content\/plugins\/photo_dropper\/images\/cc.png\" border=\"0\" alt=\"Creative Commons License\" width=\"16\" height=\"16\" align=\"absmiddle\" \/><\/a> <a href=\"http:\/\/www.photodropper.com\/photos\/\" target=\"_blank\">photo<\/a> credit: <a title=\"urbanshoregirl\" href=\"http:\/\/www.flickr.com\/photos\/77094133@N00\/143082705\/\" target=\"_blank\">urbanshoregirl<\/a><\/small><\/p>\n<p><strong>Voc\u00ea pratica algum tipo de atividade f\u00edsica?<\/strong> A atividade f\u00edsica \u00e9 definida como qualquer movimento que o corpo fa\u00e7a e que resulte em um gasto de energia. Portanto quando voc\u00ea se movimenta voc\u00ea est\u00e1 fazendo uma atividade f\u00edsica!<\/p>\n<p>Fazer uma atividade f\u00edsica de forma moderada e constante traz in\u00fameros benef\u00edcios a sa\u00fade. Ajuda a prevenir e controlar certos males como doen\u00e7as cardiovasculares, diabetes, obesidade e osteoporose. Manter-se ativo fisicamente aumenta o seu n\u00edvel de energia, ajuda a reduzir a tens\u00e3o e diminui os n\u00edveis de colesterol e press\u00e3o arterial.<\/p>\n<p style=\"TEXT-ALIGN: center\"><img loading=\"lazy\" style=\"BORDER-RIGHT: #000000 1px solid; BORDER-TOP: #000000 1px solid; DISPLAY: inline; BORDER-LEFT: #000000 1px solid; WIDTH: 375px; BORDER-BOTTOM: #000000 1px solid; HEIGHT: 500px\" title=\"Aoooowwww!\" src=\"http:\/\/farm2.static.flickr.com\/1226\/559975254_db429f0865.jpg\" border=\"0\" alt=\"Aoooowwww!\" width=\"375\" height=\"500\" \/><br \/>\n<small>[ <em>&#8211;<\/em><strong><em>Mexa-se!<\/em> \ud83d\ude42<\/strong> ]<a title=\"Attribution-ShareAlike License\" href=\"http:\/\/creativecommons.org\/licenses\/by-sa\/2.0\/\" target=\"_blank\"><img loading=\"lazy\" src=\"http:\/\/reinaldo.pro.br\/blog\/wp-content\/plugins\/photo_dropper\/images\/cc.png\" border=\"0\" alt=\"Creative Commons License\" width=\"16\" height=\"16\" align=\"absmiddle\" \/><\/a> <a href=\"http:\/\/www.photodropper.com\/photos\/\" target=\"_blank\">photo<\/a> credit: <a title=\"dearbarbie\" href=\"http:\/\/www.flickr.com\/photos\/17266413@N00\/559975254\/\" target=\"_blank\">dearbarbie<\/a><\/small><\/p>\n<p>O estilo de vida &#8220;moderno&#8221; nos <del>imp\u00f5e<\/del> proporciona uma s\u00e9rie de confortos e facilidades para nossa vida, que praticamente nos tornamos seres totalmente sedent\u00e1rios. E isso que era para ser algo bom, acabou se tornando ruim para nossa sa\u00fade. Hoje a quantidade de pessoas fora de forma e que n\u00e3o s\u00e3o ativos o bastante para beneficiar a pr\u00f3pria sa\u00fade, segundo as estat\u00edsticas da OMS (Organiza\u00e7\u00e3o Mundial de Sa\u00fade) mostram que entre 60% e 85% dos adultos n\u00e3o s\u00e3o ativos.<\/p>\n<p>O contradit\u00f3rio disso \u00e9 saber que temos todas as possibilidades de fazer uma atividade f\u00edsica e n\u00e3o o fazemos, veja como \u00e9 <del>gr\u00e1tis<\/del> f\u00e1cil e a solu\u00e7\u00e3o n\u00e3o \u00e9 entrar em uma academia:<\/p>\n<ul>\n<li>Deixar de usar o elevador e subir ou descer as escadas do seu pr\u00e9dio.<\/li>\n<li>Estacionar o carro um pouco mais longe para que possa fazer uma caminhada at\u00e9 seu local de destino.<\/li>\n<li>Andar mais a p\u00e9&#8230; (\u00e9 tem gente que para ir a padaria da esquina pega o ve\u00edculo&#8230;)<\/li>\n<li>Fazer algumas tarefas dom\u00e9sticas, como varrer, uma faxina simples.<\/li>\n<li>Lavar as roupas sem utilizar a m\u00e1quina de lavar.<\/li>\n<li>Dan\u00e7ar.<\/li>\n<li>Descer do \u00f4nibus um ou dois pontos antes do seu local de trabalho ou de casa.<\/li>\n<li>Caminhar.<\/li>\n<li>Praticar algum esporte.<\/li>\n<li>Passear com seu cachorro (o <em>dog<\/em> agradece!).<\/li>\n<\/ul>\n<p>Atividades simples como essas podem ser um bom come\u00e7o e fazer toda a diferen\u00e7a no futuro. \ud83d\ude06<\/p>\n<p style=\"TEXT-ALIGN: center\"><em><strong>Tem alguma outra dica!?<\/strong><\/em> Escreve ai! \ud83d\ude09<\/p>\n<p><!--adsense#RetGrande_336x280_Saude--><\/p>\n","protected":false},"excerpt":{"rendered":"<p>Hoje \u00e9 dia da Atividade F\u00edsica e da Sa\u00fade! Viva! \ud83d\ude06 [ -Eu sempre levo minha dona para passear, e voc\u00ea!? \ud83d\ude06 ] photo credit: urbanshoregirl Voc\u00ea pratica algum tipo de atividade f\u00edsica? A atividade f\u00edsica \u00e9 definida como qualquer &hellip; <a href=\"https:\/\/www.reinaldo.pro.br\/blog\/2008\/04\/06\/dia-mundial-da-atividade-fisica\/\">Continue reading <span class=\"meta-nav\">&rarr;<\/span><\/a><\/p>\n","protected":false},"author":1,"featured_media":0,"comment_status":"open","ping_status":"open","sticky":false,"template":"","format":"standard","meta":[],"categories":[150,37,180,24],"tags":[954,919,957,914,912],"_links":{"self":[{"href":"https:\/\/www.reinaldo.pro.br\/blog\/wp-json\/wp\/v2\/posts\/267"}],"collection":[{"href":"https:\/\/www.reinaldo.pro.br\/blog\/wp-json\/wp\/v2\/posts"}],"about":[{"href":"https:\/\/www.reinaldo.pro.br\/blog\/wp-json\/wp\/v2\/types\/post"}],"author":[{"embeddable":true,"href":"https:\/\/www.reinaldo.pro.br\/blog\/wp-json\/wp\/v2\/users\/1"}],"replies":[{"embeddable":true,"href":"https:\/\/www.reinaldo.pro.br\/blog\/wp-json\/wp\/v2\/comments?post=267"}],"version-history":[{"count":0,"href":"https:\/\/www.reinaldo.pro.br\/blog\/wp-json\/wp\/v2\/posts\/267\/revisions"}],"wp:attachment":[{"href":"https:\/\/www.reinaldo.pro.br\/blog\/wp-json\/wp\/v2\/media?parent=267"}],"wp:term":[{"taxonomy":"category","embeddable":true,"href":"https:\/\/www.reinaldo.pro.br\/blog\/wp-json\/wp\/v2\/categories?post=267"},{"taxonomy":"post_tag","embeddable":true,"href":"https:\/\/www.reinaldo.pro.br\/blog\/wp-json\/wp\/v2\/tags?post=267"}],"curies":[{"name":"wp","href":"https:\/\/api.w.org\/{rel}","templated":true}]}}