
{"id":272,"date":"2008-04-09T18:33:39","date_gmt":"2008-04-09T21:33:39","guid":{"rendered":"http:\/\/reinaldo.pro.br\/blog\/2008\/04\/09\/bike-e-saude\/"},"modified":"2009-06-14T21:04:17","modified_gmt":"2009-06-15T00:04:17","slug":"bike-e-saude","status":"publish","type":"post","link":"https:\/\/www.reinaldo.pro.br\/blog\/2008\/04\/09\/bike-e-saude\/","title":{"rendered":"Bike \u00e9 Sa\u00fade&#8230;"},"content":{"rendered":"<p><span style=\"FONT-SIZE: 1.2em\"><strong>Andar de bicicleta faz muito bem! \ud83d\ude42<\/strong><\/span><\/p>\n<p style=\"TEXT-ALIGN: center\"><img loading=\"lazy\" title=\"Bicicleta \u00e9 saud\u00e1vel...\" src=\"http:\/\/i237.photobucket.com\/albums\/ff84\/reinaldoy\/bike_coracao.jpg\" alt=\"Bicicleta \u00e9 saud\u00e1vel...\" width=\"259\" height=\"533\" \/><br \/>\n<span style=\"FONT-SIZE: 0.9em\"><strong>Ande de <em>bike<\/em> voc\u00ea tamb\u00e9m! \ud83d\ude42<\/strong><\/span><\/p>\n<p>Gosto muito de andar de bicicleta e sempre que posso coloco aqui informa\u00e7\u00f5es a respeito desse tema. Em uma sociedade onde a cultura da utiliza\u00e7\u00e3o de ve\u00edculos sem limites \u00e9 crescente, toda iniciativa a favor da utiliza\u00e7\u00e3o das t\u00e3o discriminadas &#8220;<em>magrelas<\/em>&#8221; \u00e9 sempre bem vinda e merece destaque por aqui. \ud83d\ude42\n<\/p>\n<p style=\"TEXT-ALIGN: center\"><img loading=\"lazy\" style=\"border: 1px solid #000000; display: inline; width: 500px; height: 375px;\" src=\"http:\/\/farm1.static.flickr.com\/52\/106456044_8487af8c66.jpg\" border=\"0\" alt=\"run, caroline, run\" width=\"500\" height=\"375\" \/><br \/>\n<small>[ <em><strong>-pedala, pedala, a\u00eaee \ud83d\ude06<\/strong><\/em> ]<a title=\"Attribution-ShareAlike License\" href=\"http:\/\/creativecommons.org\/licenses\/by-sa\/2.0\/\" target=\"_blank\"><img loading=\"lazy\" src=\"http:\/\/reinaldo.pro.br\/blog\/wp-content\/plugins\/photo_dropper\/images\/cc.png\" border=\"0\" alt=\"Creative Commons License\" width=\"16\" height=\"16\" align=\"absmiddle\" \/><\/a> <a href=\"http:\/\/www.photodropper.com\/photos\/\" target=\"_blank\">photo<\/a> credit: <a title=\"cangia\" href=\"http:\/\/www.flickr.com\/photos\/68582053@N00\/106456044\/\" target=\"_blank\">cangia<\/a><\/small><\/p>\n<p>O <em>blog<\/em> do <a href=\"http:\/\/blog.transporteativo.org.br\/\" target=\"_blank\">Transporte Ativo<\/a> elaborou um folheto bem legal com informa\u00e7\u00f5es a respeito das vantagens da utiliza\u00e7\u00e3o da bicicleta e dicas para pedalar com mais conforto. Vale a pena dar uma olhada l\u00e1 no <em>post<\/em> entitulado &#8220;<a href=\"http:\/\/blog.transporteativo.org.br\/2008\/04\/07\/bicicleta-e-saude\/\">Bicicleta \u00e9 Sa\u00fade<\/a>&#8220;. Vai l\u00e1 e veja o folheto! \ud83d\ude09<\/p>\n<p><strong><em>Ah!<\/em><\/strong> E ande sempre de bicicleta, faz bem para o planeta, para a sa\u00fade e para o bolso! \ud83d\ude09<\/p>\n<p><!--adsense#RetGrande_336x280_Saude--><\/p>\n","protected":false},"excerpt":{"rendered":"<p>Andar de bicicleta faz muito bem! \ud83d\ude42<\/p>\n<p>Gosto muito de andar de bicicleta e sempre que posso coloco aqui informa\u00e7\u00f5es a respeito desse tema. Em uma sociedade onde&#8230; <a href=\"https:\/\/www.reinaldo.pro.br\/blog\/2008\/04\/09\/bike-e-saude\/\">Continue reading <span class=\"meta-nav\">&rarr;<\/span><\/a><\/p>\n","protected":false},"author":1,"featured_media":0,"comment_status":"open","ping_status":"open","sticky":false,"template":"","format":"standard","meta":[],"categories":[29,27,26,24],"tags":[916,74,914,912,913],"_links":{"self":[{"href":"https:\/\/www.reinaldo.pro.br\/blog\/wp-json\/wp\/v2\/posts\/272"}],"collection":[{"href":"https:\/\/www.reinaldo.pro.br\/blog\/wp-json\/wp\/v2\/posts"}],"about":[{"href":"https:\/\/www.reinaldo.pro.br\/blog\/wp-json\/wp\/v2\/types\/post"}],"author":[{"embeddable":true,"href":"https:\/\/www.reinaldo.pro.br\/blog\/wp-json\/wp\/v2\/users\/1"}],"replies":[{"embeddable":true,"href":"https:\/\/www.reinaldo.pro.br\/blog\/wp-json\/wp\/v2\/comments?post=272"}],"version-history":[{"count":0,"href":"https:\/\/www.reinaldo.pro.br\/blog\/wp-json\/wp\/v2\/posts\/272\/revisions"}],"wp:attachment":[{"href":"https:\/\/www.reinaldo.pro.br\/blog\/wp-json\/wp\/v2\/media?parent=272"}],"wp:term":[{"taxonomy":"category","embeddable":true,"href":"https:\/\/www.reinaldo.pro.br\/blog\/wp-json\/wp\/v2\/categories?post=272"},{"taxonomy":"post_tag","embeddable":true,"href":"https:\/\/www.reinaldo.pro.br\/blog\/wp-json\/wp\/v2\/tags?post=272"}],"curies":[{"name":"wp","href":"https:\/\/api.w.org\/{rel}","templated":true}]}}