
{"id":285,"date":"2008-04-13T20:14:03","date_gmt":"2008-04-13T23:14:03","guid":{"rendered":"http:\/\/reinaldo.pro.br\/blog\/?p=285"},"modified":"2008-04-13T20:14:03","modified_gmt":"2008-04-13T23:14:03","slug":"sobre-as-fotos-do-cabecalho","status":"publish","type":"post","link":"https:\/\/www.reinaldo.pro.br\/blog\/2008\/04\/13\/sobre-as-fotos-do-cabecalho\/","title":{"rendered":"Sobre as fotos do cabe\u00e7alho&#8230;"},"content":{"rendered":"<p style=\"text-align: center;\"><img loading=\"lazy\" style=\"border: 1px solid black;\" src=\"http:\/\/i237.photobucket.com\/albums\/ff84\/reinaldoy\/history_photography.jpg\" alt=\"Olha o passarinho!\" width=\"200\" height=\"149\" \/><br \/>\nOlha o passarinho! \ud83d\ude06<\/p>\n<p>Como havia comentado em um <em>post<\/em> anterior, escolhi navegando pela Internet, algumas fotos que aparecem aqui no cabe\u00e7alho do <em>blog<\/em>.<\/p>\n<p>Ent\u00e3o conforme eu for aumentando a &#8216;cole\u00e7\u00e3o&#8217;, coloco os cr\u00e9ditos aqui neste <em>post<\/em>. Se voc\u00ea quiser colaborar ou n\u00e3o gostou da sua imagem aqui no <em>blog<\/em> \u00e9 s\u00f3 me avisar que eu tiro ou coloco a foto no cabe\u00e7alho. OK!? \ud83d\ude09<\/p>\n<p><strong>Cr\u00e9dito das Imagens:<\/strong><\/p>\n<p><strong>Lagoa da Concei\u00e7\u00e3o<\/strong><strong>, Florian\u00f3polis, Santa Catarina, Brasil.<\/strong><\/p>\n<p><img loading=\"lazy\" style=\"border: 1px solid black;\" src=\"http:\/\/i237.photobucket.com\/albums\/ff84\/reinaldoy\/header03-adaptado.jpg\" alt=\"Lagoa da Concei\u00e7\u00e3o\" width=\"250\" height=\"60\" \/><\/p>\n<p><a title=\"Ver a imagem original\" href=\"http:\/\/www.flickr.com\/photos\/pasteler0\/56365712\/\" target=\"_blank\">Lagoa da Concei\u00e7\u00e3o<\/a>, por <strong><a title=\"Link para a galeria de Daniel Spillere Andrade\" href=\"http:\/\/www.flickr.com\/photos\/pasteler0\/\"><strong>Daniel Spillere Andrade<\/strong><\/a><\/strong><\/p>\n<p><strong>Costa da Lagoa, Florian\u00f3polis, Santa Catarina, Brasil.<br \/>\n<\/strong><\/p>\n<p><img loading=\"lazy\" style=\"border: 1px solid black;\" src=\"http:\/\/i237.photobucket.com\/albums\/ff84\/reinaldoy\/header02-adaptado.jpg\" alt=\"Costa da Lagoa\" width=\"250\" height=\"60\" \/><\/p>\n<p><a title=\"Ver a imagem original\" href=\"http:\/\/www.flickr.com\/photos\/dannybotelho\/2037728125\/\" target=\"_blank\">Costa da Lagoa<\/a>, por <strong><a title=\"Link para a galeria de Danny Botelho\" href=\"http:\/\/www.flickr.com\/photos\/dannybotelho\/\"><strong>Danny Botelho<\/strong><\/a><\/strong><\/p>\n<p><strong>Vista de Sambaqui<\/strong><strong>, Florian\u00f3polis, Santa Catarina, Brasil.<\/strong><\/p>\n<p><img loading=\"lazy\" style=\"border: 1px solid black;\" src=\"http:\/\/i237.photobucket.com\/albums\/ff84\/reinaldoy\/header01-adaptado.jpg\" alt=\"Vista de Sambaqui\" width=\"250\" height=\"60\" \/><\/p>\n<p style=\"text-align: left;\"><a title=\"Ver a imagem original\" href=\"http:\/\/www.flickr.com\/photos\/xdatap1\/327109467\/\" target=\"_blank\">Vista de Sambaqui<\/a>, por <a title=\"Link para a galeria de Paolo.Sammicheli.ipernity.com\" href=\"http:\/\/www.flickr.com\/photos\/xdatap1\/\"><strong>Paolo.Sammicheli.iperni ty.com<\/strong><\/a><\/p>\n","protected":false},"excerpt":{"rendered":"<p>Olha o passarinho! \ud83d\ude06 Como havia comentado em um post anterior, escolhi navegando pela Internet, algumas fotos que aparecem aqui no cabe\u00e7alho do blog. Ent\u00e3o conforme eu for aumentando a &#8216;cole\u00e7\u00e3o&#8217;, coloco os cr\u00e9ditos aqui neste post. Se voc\u00ea quiser &hellip; <a href=\"https:\/\/www.reinaldo.pro.br\/blog\/2008\/04\/13\/sobre-as-fotos-do-cabecalho\/\">Continue reading <span class=\"meta-nav\">&rarr;<\/span><\/a><\/p>\n","protected":false},"author":1,"featured_media":0,"comment_status":"open","ping_status":"open","sticky":false,"template":"","format":"standard","meta":[],"categories":[3],"tags":[88,253,935,251,250,252,85],"_links":{"self":[{"href":"https:\/\/www.reinaldo.pro.br\/blog\/wp-json\/wp\/v2\/posts\/285"}],"collection":[{"href":"https:\/\/www.reinaldo.pro.br\/blog\/wp-json\/wp\/v2\/posts"}],"about":[{"href":"https:\/\/www.reinaldo.pro.br\/blog\/wp-json\/wp\/v2\/types\/post"}],"author":[{"embeddable":true,"href":"https:\/\/www.reinaldo.pro.br\/blog\/wp-json\/wp\/v2\/users\/1"}],"replies":[{"embeddable":true,"href":"https:\/\/www.reinaldo.pro.br\/blog\/wp-json\/wp\/v2\/comments?post=285"}],"version-history":[{"count":0,"href":"https:\/\/www.reinaldo.pro.br\/blog\/wp-json\/wp\/v2\/posts\/285\/revisions"}],"wp:attachment":[{"href":"https:\/\/www.reinaldo.pro.br\/blog\/wp-json\/wp\/v2\/media?parent=285"}],"wp:term":[{"taxonomy":"category","embeddable":true,"href":"https:\/\/www.reinaldo.pro.br\/blog\/wp-json\/wp\/v2\/categories?post=285"},{"taxonomy":"post_tag","embeddable":true,"href":"https:\/\/www.reinaldo.pro.br\/blog\/wp-json\/wp\/v2\/tags?post=285"}],"curies":[{"name":"wp","href":"https:\/\/api.w.org\/{rel}","templated":true}]}}