
{"id":296,"date":"2008-04-28T18:29:45","date_gmt":"2008-04-28T21:29:45","guid":{"rendered":"http:\/\/reinaldo.pro.br\/blog\/?p=296"},"modified":"2008-04-28T18:34:08","modified_gmt":"2008-04-28T21:34:08","slug":"dia-mundial-da-saude-e-seguranca-no-trabalho","status":"publish","type":"post","link":"https:\/\/www.reinaldo.pro.br\/blog\/2008\/04\/28\/dia-mundial-da-saude-e-seguranca-no-trabalho\/","title":{"rendered":"Dia Mundial da Sa\u00fade e Seguran\u00e7a no Trabalho."},"content":{"rendered":"<p>Em 28 de abril \u00e9 comemorado o Dia Mundial da Sa\u00fade e Seguran\u00e7a no trabalho. A data foi uma id\u00e9ia inicialmente lan\u00e7ada por trabalhadores dos Estados Unidos e do Canad\u00e1 e depois universalizada pela Confedera\u00e7\u00e3o Internacional de Organiza\u00e7\u00f5es Sindicais Livres (CIOSL). Atualmente se comemora esta data em mais de cem pa\u00edses pelo mundo.<\/p>\n<p style=\"text-align: center;\"><img src=\"http:\/\/farm1.static.flickr.com\/26\/100064805_dfbaa8df27.jpg\" border=\"0\" alt=\"Tom op het werk\" \/><br \/>\n<small><a title=\"Attribution-NonCommercial-NoDerivs License\" href=\"http:\/\/creativecommons.org\/licenses\/by-nc-nd\/2.0\/\" target=\"_blank\"><img loading=\"lazy\" src=\"http:\/\/reinaldo.pro.br\/blog\/wp-content\/plugins\/photo_dropper\/images\/cc.png\" border=\"0\" alt=\"Creative Commons License\" width=\"16\" height=\"16\" align=\"absmiddle\" \/><\/a> <a href=\"http:\/\/www.photodropper.com\/photos\/\" target=\"_blank\">photo<\/a> credit: <a title=\"Garrulus\" href=\"http:\/\/www.flickr.com\/photos\/20929338@N00\/100064805\/\" target=\"_blank\">Garrulus<\/a><\/small><\/p>\n<p style=\"text-align: left;\"><small><a title=\"Garrulus\" href=\"http:\/\/www.flickr.com\/photos\/20929338@N00\/100064805\/\" target=\"_blank\"><\/a><\/small> Para se ter no\u00e7\u00e3o da import\u00e2ncia da seguran\u00e7a no ambiente de trabalho, em todo o mundo, cerca de dois milh\u00f5es de trabalhadores perdem suas vidas no trabalho. Praticamente tr\u00eas vidas perdidas a <strong>cada minuto<\/strong>, 6000 mortes ao dia, aproximadamente o <strong>dobro das baixas ocasionadas pelas guerras.<\/strong> Incrivel n\u00e3o?! \ud83d\ude2f<\/p>\n<p>Boa parte dos acidentes ocorrem por falta de planejamento, manuten\u00e7\u00e3o, ferramentas inadequadas ou gastas, equipamentos de seguran\u00e7a e treinamento inadequado aos trabalhadores.<\/p>\n<p>Um acidente no trabalho causa uma s\u00e9rie de transtornos para todos:<\/p>\n<ul>\n<li>para a  empresa que fica sem o trabalhador e tem que arcar com as despesas conforme legisla\u00e7\u00e3o e tem sua imagem prejudicada;<\/li>\n<li>para o empregado que pode ter seq\u00fcelas futuras do acidente, al\u00e9m do sofrimento f\u00edsico e mental;<\/li>\n<li>para a fam\u00edlia do empregado que ter\u00e1 que dispensar tempo e cuidados especiais ao membro familiar acidentado;<\/li>\n<li>para a sociedade, que em alguns casos deve fornecer rem\u00e9dios, assist\u00eancia hospitalar ou aposentadoria por invalidez.<\/li>\n<\/ul>\n<p><strong><em>Ranking<\/em> de mortes em acidentes de trabalho por pa\u00eds:<\/strong><\/p>\n<p>1\u00ba &#8211; China&#8230;&#8230;&#8230;: 14.924<br \/>\n2\u00ba &#8211; Estados Unidos: 5.764<br \/>\n3\u00ba &#8211; R\u00fassia&#8230;&#8230;..: 3.090<br \/>\n4\u00ba &#8211; Brasil&#8230;&#8230;..: 2.503<\/p>\n<p>Por isso \u00e9 importante desenvolver nas empresas um ambiente de trabalho seguro e com condi\u00e7\u00f5es adequadas para realiza\u00e7\u00e3o das tarefas com sa\u00fade e dignidade para todos. Ganham a empresa, o trabalhador e a sociedade! \ud83d\ude42<\/p>\n","protected":false},"excerpt":{"rendered":"<p>Em 28 de abril \u00e9 comemorado o Dia Mundial da Sa\u00fade e Seguran\u00e7a no trabalho. A data foi uma id\u00e9ia inicialmente lan\u00e7ada por trabalhadores dos Estados Unidos e do Canad\u00e1 e depois universalizada pela Confedera\u00e7\u00e3o Internacional de Organiza\u00e7\u00f5es Sindicais Livres &hellip; <a href=\"https:\/\/www.reinaldo.pro.br\/blog\/2008\/04\/28\/dia-mundial-da-saude-e-seguranca-no-trabalho\/\">Continue reading <span class=\"meta-nav\">&rarr;<\/span><\/a><\/p>\n","protected":false},"author":1,"featured_media":0,"comment_status":"open","ping_status":"open","sticky":false,"template":"","format":"standard","meta":[],"categories":[36,37,59],"tags":[918,291,288,268,287,290,289,929],"_links":{"self":[{"href":"https:\/\/www.reinaldo.pro.br\/blog\/wp-json\/wp\/v2\/posts\/296"}],"collection":[{"href":"https:\/\/www.reinaldo.pro.br\/blog\/wp-json\/wp\/v2\/posts"}],"about":[{"href":"https:\/\/www.reinaldo.pro.br\/blog\/wp-json\/wp\/v2\/types\/post"}],"author":[{"embeddable":true,"href":"https:\/\/www.reinaldo.pro.br\/blog\/wp-json\/wp\/v2\/users\/1"}],"replies":[{"embeddable":true,"href":"https:\/\/www.reinaldo.pro.br\/blog\/wp-json\/wp\/v2\/comments?post=296"}],"version-history":[{"count":0,"href":"https:\/\/www.reinaldo.pro.br\/blog\/wp-json\/wp\/v2\/posts\/296\/revisions"}],"wp:attachment":[{"href":"https:\/\/www.reinaldo.pro.br\/blog\/wp-json\/wp\/v2\/media?parent=296"}],"wp:term":[{"taxonomy":"category","embeddable":true,"href":"https:\/\/www.reinaldo.pro.br\/blog\/wp-json\/wp\/v2\/categories?post=296"},{"taxonomy":"post_tag","embeddable":true,"href":"https:\/\/www.reinaldo.pro.br\/blog\/wp-json\/wp\/v2\/tags?post=296"}],"curies":[{"name":"wp","href":"https:\/\/api.w.org\/{rel}","templated":true}]}}