
{"id":299,"date":"2008-04-30T22:42:12","date_gmt":"2008-05-01T01:42:12","guid":{"rendered":"http:\/\/reinaldo.pro.br\/blog\/?p=299"},"modified":"2008-04-30T22:44:30","modified_gmt":"2008-05-01T01:44:30","slug":"datas-comemorativas-do-mes-de-maio-de-2008","status":"publish","type":"post","link":"https:\/\/www.reinaldo.pro.br\/blog\/2008\/04\/30\/datas-comemorativas-do-mes-de-maio-de-2008\/","title":{"rendered":"Datas comemorativas do m\u00eas de maio de 2008"},"content":{"rendered":"<p><strong>M\u00eas de abril no fim, e maio chegando&#8230; \ud83d\ude42<\/strong><\/p>\n<p>Tradicionalmente o m\u00eas de maio \u00e9 conhecido como o m\u00eas das noivas, mas tamb\u00e9m tem v\u00e1rios outros temas para se comemorar, entre eles o dia mundial da Internet \ud83d\ude42 , o dia internacional da fam\u00edlia e lcaro o dia das m\u00e3es&#8230;<\/p>\n<p style=\"text-align: center;\"><img src=\"http:\/\/farm1.static.flickr.com\/9\/12197947_2035fc691b.jpg\" border=\"0\" alt=\"4 Gabi\" \/><br \/>\n<small><a title=\"Attribution-NonCommercial License\" href=\"http:\/\/creativecommons.org\/licenses\/by-nc\/2.0\/\" target=\"_blank\"><img loading=\"lazy\" src=\"http:\/\/reinaldo.pro.br\/blog\/wp-content\/plugins\/photo_dropper\/images\/cc.png\" border=\"0\" alt=\"Creative Commons License\" width=\"16\" height=\"16\" align=\"absmiddle\" \/><\/a> <a href=\"http:\/\/www.photodropper.com\/photos\/\" target=\"_blank\">photo<\/a> credit: <a title=\"Kak\u00e1\" href=\"http:\/\/www.flickr.com\/photos\/70619676@N00\/12197947\/\" target=\"_blank\">Kak\u00e1<\/a><\/small><\/p>\n<p>Curiosidades a parte voc\u00ea sabia que em alguns pa\u00edses se comemora o dia das m\u00e3es em datas diferentes? Veja s\u00f3:<\/p>\n<p>1\u00ba Domingo de Maio &#8211; Dia das M\u00e3es (Portugal e outros pa\u00edses)<br \/>\n2\u00ba Domingo de Maio &#8211; Dia das M\u00e3es (Brasil e outros pa\u00edses)<\/p>\n<p><strong>Ah, sim!<\/strong> e segue a lista com as datas comemoradas em maio&#8230; \ud83d\ude06<\/p>\n<p>01- Dia Mundial do Trabalho<br \/>\n02- Dia Nacional do Ex-combatente<br \/>\n02- Dia do Taqu\u00edgrafo<br \/>\n03- Dia do Sertanejo<br \/>\n05- Dia de Rondon<br \/>\n05- Dia da Comunidade<br \/>\n05- Dia Nacional do Expedicion\u00e1rio<br \/>\n05- Dia do Artista Pintor<br \/>\n05- Dia do Marechal Rondon<br \/>\n06- Dia do Cart\u00f3grafo<br \/>\n07- Dia do Oftalmologista<br \/>\n07- Dia do Sil\u00eancio<br \/>\n08- Dia da Vit\u00f3ria<br \/>\n08- Dia do Profissional Marketing<br \/>\n08- Dia do Artista Pl\u00e1stico<br \/>\n08- Internacional da Cruz Vermelha<br \/>\n09- Dia da Europa<br \/>\n10- Dia da Cavalaria<br \/>\n10- Dia do Campo<br \/>\n11- Dia das M\u00e3es<br \/>\n11- Integra\u00e7\u00e3o do Tel\u00e9grafo no Brasil<br \/>\n12- Dia Mundial do Enfermeiro<br \/>\n13- Aboli\u00e7\u00e3o da Escravatura<br \/>\n13- Dia da Fraternidade Brasileira<br \/>\n13- Dia do Autom\u00f3vel<br \/>\n14- Dia Continental do Seguro<br \/>\n15- Dia do Assistente Social<br \/>\n15- Dia do Gerente Banc\u00e1rio<br \/>\n15- Dia Internacional das Fam\u00edlias<br \/>\n16- Dia do Gari<br \/>\n17- Dia Internacional da Comunica\u00e7\u00e3o e das Telecomunica\u00e7\u00f5es<br \/>\n17- Dia da Constitui\u00e7\u00e3o<br \/>\n17- Dia Mundial da Internet<br \/>\n18- Dia dos Vidreiros<br \/>\n18- Dia Internacional dos Museus<br \/>\n19- Dia dos Acad\u00eamicos do Direito<br \/>\n20- Ascens\u00e3o do Senhor<br \/>\n20- Dia do Comiss\u00e1rio de Menores<br \/>\n21- Dia da L\u00edngua Nacional<br \/>\n22- Dia de Corpus Christ<br \/>\n22- Dia do Apicultor<br \/>\n23- Dia da Juventude Constitucionalista<br \/>\n24- Dia da Infantaria<br \/>\n24- Dia do Datil\u00f3grafo<br \/>\n24- Dia do Detento<br \/>\n24- Dia do Telegrafista<br \/>\n24- Dia do Vestibulando<br \/>\n25- Dia da Ind\u00fastria<br \/>\n25- Dia do Massagista<br \/>\n25- Dia do Trabalhador Rural<br \/>\n27- Dia do Profissional Liberal<br \/>\n29- Dia do Estat\u00edstico<br \/>\n29- Dia do Ge\u00f3grafo<br \/>\n30- Dia do Ge\u00f3logo<br \/>\n30- Dia das Bandeiras<br \/>\n31- Dia do Comiss\u00e1rio de Bordo<br \/>\n31 &#8211; Dia Mundial das Comunica\u00e7\u00f5es Sociais<br \/>\n31 &#8211; Dia do Esp\u00edrito Santo<\/p>\n","protected":false},"excerpt":{"rendered":"<p>M\u00eas de abril no fim, e maio chegando&#8230; \ud83d\ude42 Tradicionalmente o m\u00eas de maio \u00e9 conhecido como o m\u00eas das noivas, mas tamb\u00e9m tem v\u00e1rios outros temas para se comemorar, entre eles o dia mundial da Internet \ud83d\ude42 , o &hellip; <a href=\"https:\/\/www.reinaldo.pro.br\/blog\/2008\/04\/30\/datas-comemorativas-do-mes-de-maio-de-2008\/\">Continue reading <span class=\"meta-nav\">&rarr;<\/span><\/a><\/p>\n","protected":false},"author":1,"featured_media":0,"comment_status":"open","ping_status":"open","sticky":false,"template":"","format":"standard","meta":[],"categories":[36,37],"tags":[918,300,919,920],"_links":{"self":[{"href":"https:\/\/www.reinaldo.pro.br\/blog\/wp-json\/wp\/v2\/posts\/299"}],"collection":[{"href":"https:\/\/www.reinaldo.pro.br\/blog\/wp-json\/wp\/v2\/posts"}],"about":[{"href":"https:\/\/www.reinaldo.pro.br\/blog\/wp-json\/wp\/v2\/types\/post"}],"author":[{"embeddable":true,"href":"https:\/\/www.reinaldo.pro.br\/blog\/wp-json\/wp\/v2\/users\/1"}],"replies":[{"embeddable":true,"href":"https:\/\/www.reinaldo.pro.br\/blog\/wp-json\/wp\/v2\/comments?post=299"}],"version-history":[{"count":0,"href":"https:\/\/www.reinaldo.pro.br\/blog\/wp-json\/wp\/v2\/posts\/299\/revisions"}],"wp:attachment":[{"href":"https:\/\/www.reinaldo.pro.br\/blog\/wp-json\/wp\/v2\/media?parent=299"}],"wp:term":[{"taxonomy":"category","embeddable":true,"href":"https:\/\/www.reinaldo.pro.br\/blog\/wp-json\/wp\/v2\/categories?post=299"},{"taxonomy":"post_tag","embeddable":true,"href":"https:\/\/www.reinaldo.pro.br\/blog\/wp-json\/wp\/v2\/tags?post=299"}],"curies":[{"name":"wp","href":"https:\/\/api.w.org\/{rel}","templated":true}]}}