
{"id":313,"date":"2008-05-15T18:16:16","date_gmt":"2008-05-15T21:16:16","guid":{"rendered":"http:\/\/reinaldo.pro.br\/blog\/?p=313"},"modified":"2008-05-15T18:16:16","modified_gmt":"2008-05-15T21:16:16","slug":"adoro-brigadeiros-o-doce","status":"publish","type":"post","link":"https:\/\/www.reinaldo.pro.br\/blog\/2008\/05\/15\/adoro-brigadeiros-o-doce\/","title":{"rendered":"Adoro brigadeiros (o doce&#8230;)"},"content":{"rendered":"<h4>Festa sem brigadeiro, n\u00e3o \u00e9 festa&#8230; \ud83d\ude09<\/h4>\n<p style=\"text-align: center;\"><img style=\"border: 0pt none;\" src=\"http:\/\/farm2.static.flickr.com\/1340\/1465354513_2a4328b242.jpg\" border=\"0\" alt=\"Brigadeiro \u00e9 muuuito bom!\" \/><br \/>\n<small><a title=\"Attribution-NonCommercial-NoDerivs License\" href=\"http:\/\/creativecommons.org\/licenses\/by-nc-nd\/2.0\/\" target=\"_blank\"><img loading=\"lazy\" src=\"http:\/\/reinaldo.pro.br\/blog\/wp-content\/plugins\/photo_dropper\/images\/cc.png\" border=\"0\" alt=\"Creative Commons License\" width=\"16\" height=\"16\" align=\"absmiddle\" \/><\/a> <a href=\"http:\/\/www.photodropper.com\/photos\/\" target=\"_blank\">photo<\/a> credit: <a title=\"tati.ana\" href=\"http:\/\/www.flickr.com\/photos\/33472083@N00\/1465354513\/\" target=\"_blank\">tati.ana<\/a><\/small><\/p>\n<p>Quem resiste a um delicioso brigadeiro?! Ningu\u00e9m&#8230; quando vou a festas de anivers\u00e1rio ou alguma outra festa qualquer, logo j\u00e1 fico de olho gordo nos brigadeiros&#8230; gosto e acho tudo de bom. \ud83d\ude42<\/p>\n<p>O que descobri esses dias atr\u00e1s \u00e9 que o brigadeiro \u00e9 uma inven\u00e7\u00e3o tipicamente brasileira. Afinal quem nunca parou para pensar (claro que depois de devorar v\u00e1rios brigadeiros!) porque este doce t\u00e3o delicioso ter um nome ligado a algo de tem\u00e1tica militar? Esquisito n\u00e3o \u00e9 mesmo?!<\/p>\n<p><strong>Ent\u00e3o<\/strong>&#8230; quem teria surgido primeiro <span style=\"text-decoration: line-through;\">o ovo ou a gali<\/span>, digo o brigadeiro <strong>doce <\/strong>ou o brigadeiro <strong>militar<\/strong>? \ud83d\ude15<\/p>\n<p>A Wikipedia fala a respeito da origem do brigadeiro:<\/p>\n<blockquote>\n<p style=\"text-align: left;\">[&#8230;] O nome do doce \u00e9 uma homenagem ao brigadeiro Eduardo Gomes [1]. Nos anos de 1946 e 1950, o militar candidatou-se \u00e0 presidente da Rep\u00fablica pela UDN. Pelo f\u00edsico avantajado e boa apar\u00eancia, o candidato conquistou um grupo de f\u00e3s do Pacaembu, bairro de S\u00e3o Paulo, que organizaram festas para promover a sua candidatura. Conta a hist\u00f3ria, que numa destas ocasi\u00f5es, criaram o doce a que deram o nome de brigadeiro.[&#8230;]<\/p>\n<\/blockquote>\n<p style=\"text-align: center;\"><img style=\"border: 0pt none;\" src=\"http:\/\/farm1.static.flickr.com\/22\/33222986_11d95e30ba.jpg\" border=\"0\" alt=\"Hhhuuuummmm...\" \/><br \/>\n<small><a title=\"Attribution License\" href=\"http:\/\/creativecommons.org\/licenses\/by\/2.0\/\" target=\"_blank\"><img loading=\"lazy\" src=\"http:\/\/reinaldo.pro.br\/blog\/wp-content\/plugins\/photo_dropper\/images\/cc.png\" border=\"0\" alt=\"Creative Commons License\" width=\"16\" height=\"16\" align=\"absmiddle\" \/><\/a> <a href=\"http:\/\/www.photodropper.com\/photos\/\" target=\"_blank\">photo<\/a> credit: <a title=\"rodrigo senna\" href=\"http:\/\/www.flickr.com\/photos\/19616961@N00\/33222986\/\" target=\"_blank\">rodrigo senna<\/a><\/small><\/p>\n<p>Bom pelo menos usaram a patente para batizar o doce, j\u00e1 imaginou se o doce fosse chamado de &#8220;Eduardo&#8221; ou &#8220;Gomes&#8221;, hehehe, ia ficar muito estranho.\u00a0 No Rio Grande do Sul o brigadeiro tamb\u00e9m \u00e9 chamado de &#8220;negrinho&#8221;. <strong>Legal n\u00e9!? \ud83d\ude06<\/strong><\/p>\n<p><strong>\ud83d\udca1 <em>Ah!<\/em><\/strong> E se voc\u00ea chegou aqui atr\u00e1s de uma receita de brigadeiro, n\u00e3o perdeu sua viagem! Vou colocar uma logo abaixo&#8230; anota a\u00ed louro Jos\u00e9: \ud83d\ude1b<\/p>\n<p style=\"text-align: center;\">\n<img style=\"border: 0pt none;\" src=\"http:\/\/farm1.static.flickr.com\/6\/10844974_e5d7b1f44d.jpg\" border=\"0\" alt=\"Preparando mais uma delicia...\" \/><br \/>\n<small><a title=\"Attribution-NonCommercial-ShareAlike License\" href=\"http:\/\/creativecommons.org\/licenses\/by-nc-sa\/2.0\/\" target=\"_blank\"><img loading=\"lazy\" src=\"http:\/\/reinaldo.pro.br\/blog\/wp-content\/plugins\/photo_dropper\/images\/cc.png\" border=\"0\" alt=\"Creative Commons License\" width=\"16\" height=\"16\" align=\"absmiddle\" \/><\/a> <a href=\"http:\/\/www.photodropper.com\/photos\/\" target=\"_blank\">photo<\/a> credit: <a title=\"Daniel Spillere Andrade\" href=\"http:\/\/www.flickr.com\/photos\/44441834@N00\/10844974\/\" target=\"_blank\">Daniel Spillere Andrade<\/a><\/small><\/p>\n<p><strong>Brigadeiro<\/strong><\/p>\n<p><strong>Ingredientes:<\/strong><\/p>\n<ul>\n<li>2 latas de leite condensado<\/li>\n<li>1 lata de creme de leite<\/li>\n<li>4 colheres de manteiga<\/li>\n<li>4 colheres de chocolate em p\u00f3<\/li>\n<\/ul>\n<p><strong>Modo de Preparo:<\/strong><\/p>\n<p><strong><\/strong>Cozinhe por 30 minutos em fogo baixo. Espere esfriar, enrole e passe no chocolate granulado.<br \/>\n\u00c0s vezes substituo a manteiga por margarina e geralmente em 30 minutos d\u00e1 o ponto para enrolar.<br \/>\nUma observa\u00e7\u00e3o: o creme de leite deixa o brigadeiro mais macio e menos doce, portanto menos enjoativo.<\/p>\n<p><strong>Bom apetite! \ud83d\ude09<\/strong><\/p>\n<h5>Fontes:<br \/>\nWikipedia: &#8220;<a href=\"http:\/\/pt.wikipedia.org\/wiki\/Brigadeiro_(doce)\" target=\"_blank\">Brigadeiro (doce)<\/a>&#8221;<br \/>\nSite Ana Maria Braga: &#8220;<a href=\"http:\/\/anamariabraga.globo.com\/receitas.asp?id1=779\" target=\"_blank\">Receita de Brigadeiro<\/a>&#8221;<br \/>\nFolha Online:\u00a0 &#8220;<a href=\"http:\/\/www1.folha.uol.com.br\/folha\/comida\/ult10005u400947.shtml\" target=\"_blank\">Brigadeiro \u00e9 um dos quitutes mais pedidos de doceria em SP<\/a>&#8220;<\/h5>\n","protected":false},"excerpt":{"rendered":"<p>Festa sem brigadeiro, n\u00e3o \u00e9 festa&#8230; \ud83d\ude09 photo credit: tati.ana Quem resiste a um delicioso brigadeiro?! Ningu\u00e9m&#8230; quando vou a festas de anivers\u00e1rio ou alguma outra festa qualquer, logo j\u00e1 fico de olho gordo nos brigadeiros&#8230; gosto e acho tudo &hellip; <a href=\"https:\/\/www.reinaldo.pro.br\/blog\/2008\/05\/15\/adoro-brigadeiros-o-doce\/\">Continue reading <span class=\"meta-nav\">&rarr;<\/span><\/a><\/p>\n","protected":false},"author":1,"featured_media":0,"comment_status":"open","ping_status":"open","sticky":false,"template":"","format":"standard","meta":[],"categories":[9,53],"tags":[359,963,334,360,363,934,362,361,927],"_links":{"self":[{"href":"https:\/\/www.reinaldo.pro.br\/blog\/wp-json\/wp\/v2\/posts\/313"}],"collection":[{"href":"https:\/\/www.reinaldo.pro.br\/blog\/wp-json\/wp\/v2\/posts"}],"about":[{"href":"https:\/\/www.reinaldo.pro.br\/blog\/wp-json\/wp\/v2\/types\/post"}],"author":[{"embeddable":true,"href":"https:\/\/www.reinaldo.pro.br\/blog\/wp-json\/wp\/v2\/users\/1"}],"replies":[{"embeddable":true,"href":"https:\/\/www.reinaldo.pro.br\/blog\/wp-json\/wp\/v2\/comments?post=313"}],"version-history":[{"count":0,"href":"https:\/\/www.reinaldo.pro.br\/blog\/wp-json\/wp\/v2\/posts\/313\/revisions"}],"wp:attachment":[{"href":"https:\/\/www.reinaldo.pro.br\/blog\/wp-json\/wp\/v2\/media?parent=313"}],"wp:term":[{"taxonomy":"category","embeddable":true,"href":"https:\/\/www.reinaldo.pro.br\/blog\/wp-json\/wp\/v2\/categories?post=313"},{"taxonomy":"post_tag","embeddable":true,"href":"https:\/\/www.reinaldo.pro.br\/blog\/wp-json\/wp\/v2\/tags?post=313"}],"curies":[{"name":"wp","href":"https:\/\/api.w.org\/{rel}","templated":true}]}}