
{"id":339,"date":"2008-06-12T17:56:14","date_gmt":"2008-06-12T20:56:14","guid":{"rendered":"http:\/\/reinaldo.pro.br\/blog\/?p=339"},"modified":"2008-06-12T17:56:14","modified_gmt":"2008-06-12T20:56:14","slug":"so-o-cheiro-do-cafe-te-desperta","status":"publish","type":"post","link":"https:\/\/www.reinaldo.pro.br\/blog\/2008\/06\/12\/so-o-cheiro-do-cafe-te-desperta\/","title":{"rendered":"S\u00f3 o cheiro do caf\u00e9 te desperta?"},"content":{"rendered":"<h4>Cheiro de caf\u00e9 pelo ar&#8230; \u00e9 cafe\u00edna na cabe\u00e7a! \ud83d\ude06<\/h4>\n<p style=\"text-align: center;\"><img style=\"border: 0pt none;\" src=\"http:\/\/farm1.static.flickr.com\/91\/409913070_ef4a6c1892.jpg\" border=\"0\" alt=\"Huummm, cheirinho bom de caf\u00e9...\" \/><br \/>\n<small><a title=\"Attribution-NonCommercial-NoDerivs License\" href=\"http:\/\/creativecommons.org\/licenses\/by-nc-nd\/2.0\/\" target=\"_blank\"><img loading=\"lazy\" src=\"http:\/\/reinaldo.pro.br\/blog\/wp-content\/plugins\/photo_dropper\/images\/cc.png\" border=\"0\" alt=\"Creative Commons License\" width=\"16\" height=\"16\" align=\"absmiddle\" \/><\/a> <a href=\"http:\/\/www.photodropper.com\/photos\/\" target=\"_blank\">photo<\/a> credit: <a title=\"wa\u026a.ti\u02d0\" href=\"http:\/\/www.flickr.com\/photos\/46315235@N00\/409913070\/\" target=\"_blank\">wa\u026a.ti\u02d0<\/a><\/small><\/p>\n<p>Como eu gosto de um bom <em>caf\u00e9zinho<\/em>, posso ser suspeito de falar, mas s\u00f3 de sentir o cheiro de um caf\u00e9 sendo feito, na hora o meu c\u00e9rebro j\u00e1 fica ativo e desperta, sem nem precisar tomar o caf\u00e9. Engra\u00e7ado, n\u00e3o \u00e9!?<br \/>\nEu imaginava que isso era coisa da minha cabe\u00e7a mesmo. S\u00f3 que hoje li uma not\u00edcia que cita exatamente algo parecido com essa minha &#8220;sensa\u00e7\u00e3o&#8221;, <a href=\"http:\/\/www1.folha.uol.com.br\/folha\/bbc\/ult272u411614.shtml\" target=\"_blank\">conforme a reportagem da Folha Online<\/a>:<\/p>\n<blockquote><p>[&#8230;]   Cientistas japoneses dizem que talvez apenas o cheiro do caf\u00e9 j\u00e1 seja suficiente para despertar pessoas que foram privadas de sono. A afirma\u00e7\u00e3o est\u00e1 em um artigo publicado na revista de ci\u00eancia &#8220;New Scientist&#8221;.<br \/>\nOs especialistas dizem que s\u00e3o necess\u00e1rios mais estudos, uma vez que os primeiros testes foram feitos com ratos. Mas sugerem que, se comprovada, a descoberta pode ter v\u00e1rias aplica\u00e7\u00f5es \u00fateis. [&#8230;]<br \/>\n[&#8230;]  A equipe de pesquisadores, liderada por Yoshinori Masuo, do National Institute of Advanced Industrial Science and Technology em Tsukuba, no Jap\u00e3o, impediu 16 ratos de dormir durante 24 horas.<\/p>\n<p>Ao fim desse per\u00edodo, os cientistas examinaram os c\u00e9rebros dos animais e verificaram que havia uma redu\u00e7\u00e3o nos n\u00edveis de mol\u00e9culas mRNA &#8211;abreviatura para \u00c1cido Ribonucl\u00e9ico mensageiro&#8211; em 11 genes importantes para a fun\u00e7\u00e3o cerebral. A presen\u00e7a do mRNA \u00e9 indicadora de que um gene est\u00e1 sendo expressado.<\/p>\n<p>Quando os ratos foram expostos ao aroma do caf\u00e9, os \u00edndices de mRNA em nove dos genes subiram para perto dos n\u00edveis normais. E em dois genes &#8211;o GIR, envolvido no controle neuroend\u00f3crino, e o NFGR, associado ao controle do estresse oxidativo&#8211; os \u00edndices de mRNA ultrapassaram o n\u00edvel usual.<\/p>\n<p>N\u00e3o se sabe se os mesmos genes s\u00e3o suprimidos em humanos privados de sono, ou se humanos se sentiriam cansados caso esses genes fossem suprimidos. Mas muitos desses genes possuem equivalentes em seres humanos. [&#8230;]<\/p><\/blockquote>\n<p>Apesar dos estudos ainda serem preliminares, desconfio que isso realmente aconte\u00e7a com a gente.  \ud83d\ude09<\/p>\n<p><strong>\ud83d\udca1 O que voc\u00ea acha?! S\u00f3 o cheiro do caf\u00e9 te deixa <em>ligad\u00e3o<\/em>?<\/strong> \ud83d\ude42<\/p>\n<h5>Fonte:<br \/>\nFolha Online: &#8220;<a href=\"http:\/\/www1.folha.uol.com.br\/folha\/bbc\/ult272u411614.shtml\" target=\"_blank\">Cheiro do caf\u00e9 j\u00e1 seria suficiente para acordar c\u00e9rebro<\/a>&#8220;<\/h5>\n","protected":false},"excerpt":{"rendered":"<p>Cheiro de caf\u00e9 pelo ar&#8230; \u00e9 cafe\u00edna na cabe\u00e7a! \ud83d\ude06 photo credit: wa\u026a.ti\u02d0 Como eu gosto de um bom caf\u00e9zinho, posso ser suspeito de falar, mas s\u00f3 de sentir o cheiro de um caf\u00e9 sendo feito, na hora o meu &hellip; <a href=\"https:\/\/www.reinaldo.pro.br\/blog\/2008\/06\/12\/so-o-cheiro-do-cafe-te-desperta\/\">Continue reading <span class=\"meta-nav\">&rarr;<\/span><\/a><\/p>\n","protected":false},"author":1,"featured_media":0,"comment_status":"open","ping_status":"open","sticky":false,"template":"","format":"standard","meta":[],"categories":[50,63,24],"tags":[925,932,912],"_links":{"self":[{"href":"https:\/\/www.reinaldo.pro.br\/blog\/wp-json\/wp\/v2\/posts\/339"}],"collection":[{"href":"https:\/\/www.reinaldo.pro.br\/blog\/wp-json\/wp\/v2\/posts"}],"about":[{"href":"https:\/\/www.reinaldo.pro.br\/blog\/wp-json\/wp\/v2\/types\/post"}],"author":[{"embeddable":true,"href":"https:\/\/www.reinaldo.pro.br\/blog\/wp-json\/wp\/v2\/users\/1"}],"replies":[{"embeddable":true,"href":"https:\/\/www.reinaldo.pro.br\/blog\/wp-json\/wp\/v2\/comments?post=339"}],"version-history":[{"count":0,"href":"https:\/\/www.reinaldo.pro.br\/blog\/wp-json\/wp\/v2\/posts\/339\/revisions"}],"wp:attachment":[{"href":"https:\/\/www.reinaldo.pro.br\/blog\/wp-json\/wp\/v2\/media?parent=339"}],"wp:term":[{"taxonomy":"category","embeddable":true,"href":"https:\/\/www.reinaldo.pro.br\/blog\/wp-json\/wp\/v2\/categories?post=339"},{"taxonomy":"post_tag","embeddable":true,"href":"https:\/\/www.reinaldo.pro.br\/blog\/wp-json\/wp\/v2\/tags?post=339"}],"curies":[{"name":"wp","href":"https:\/\/api.w.org\/{rel}","templated":true}]}}