
{"id":343,"date":"2008-06-15T10:36:38","date_gmt":"2008-06-15T13:36:38","guid":{"rendered":"http:\/\/reinaldo.pro.br\/blog\/?p=343"},"modified":"2008-06-15T10:36:38","modified_gmt":"2008-06-15T13:36:38","slug":"aproveite-melhor-os-alimentos-geleia-de-cascas-de-abacaxi","status":"publish","type":"post","link":"https:\/\/www.reinaldo.pro.br\/blog\/2008\/06\/15\/aproveite-melhor-os-alimentos-geleia-de-cascas-de-abacaxi\/","title":{"rendered":"Aproveite melhor os alimentos: Gel\u00e9ia de Cascas de Abacaxi."},"content":{"rendered":"<h4>Aproveite melhor os alimentos! Evite o desperd\u00edcio&#8230; \ud83d\ude06<\/h4>\n<p style=\"text-align: center;\"><img style=\"border: 0pt none;\" src=\"http:\/\/farm1.static.flickr.com\/135\/331253770_fe0ae62b15.jpg\" border=\"0\" alt=\"Aproveite at\u00e9 a casca do abacaxi!\" \/><br \/>\n<small><a title=\"Attribution-ShareAlike License\" href=\"http:\/\/creativecommons.org\/licenses\/by-sa\/2.0\/\" target=\"_blank\"><img loading=\"lazy\" src=\"http:\/\/reinaldo.pro.br\/blog\/wp-content\/plugins\/photo_dropper\/images\/cc.png\" border=\"0\" alt=\"Creative Commons License\" width=\"16\" height=\"16\" align=\"absmiddle\" \/><\/a> <a href=\"http:\/\/www.photodropper.com\/photos\/\" target=\"_blank\">photo<\/a> credit: <a title=\"guilhermetardin\" href=\"http:\/\/www.flickr.com\/photos\/76953519@N00\/331253770\/\" target=\"_blank\">guilhermetardin<\/a><\/small><\/p>\n<p><strong>Consumo Consciente:<\/strong> Dicas de como evitar o desperd\u00edcio  de alimentos s\u00e3o sempre bem vindas por aqui. E o v\u00eddeo desenvolvido pelo Centro Universit\u00e1rio de Belo Horizonte (Uni-bh) traz uma receita bem legal que aproveita a casca do abacaxi  para fazer uma deliciosa gel\u00e9ia. O abacaxi \u00e9 uma fruta rica em sais minerais como o pot\u00e1ssio e o f\u00f3sforo e vitaminas do complexo B e vitamina C, al\u00e9m de ser um \u00f3timo digestivo. \ud83d\ude09<\/p>\n<p style=\"text-align: center;\"><object classid=\"clsid:d27cdb6e-ae6d-11cf-96b8-444553540000\" width=\"425\" height=\"344\" codebase=\"http:\/\/download.macromedia.com\/pub\/shockwave\/cabs\/flash\/swflash.cab#version=6,0,40,0\"><param name=\"src\" value=\"http:\/\/www.youtube.com\/v\/_McUxTHoysM&amp;hl=en&amp;color1=0x006699&amp;color2=0x54abd6\" \/><embed type=\"application\/x-shockwave-flash\" width=\"425\" height=\"344\" src=\"http:\/\/www.youtube.com\/v\/_McUxTHoysM&amp;hl=en&amp;color1=0x006699&amp;color2=0x54abd6\"><\/embed><\/object><\/p>\n","protected":false},"excerpt":{"rendered":"<p>Aproveite melhor os alimentos! Evite o desperd\u00edcio&#8230; \ud83d\ude06 photo credit: guilhermetardin Consumo Consciente: Dicas de como evitar o desperd\u00edcio de alimentos s\u00e3o sempre bem vindas por aqui. E o v\u00eddeo desenvolvido pelo Centro Universit\u00e1rio de Belo Horizonte (Uni-bh) traz uma &hellip; <a href=\"https:\/\/www.reinaldo.pro.br\/blog\/2008\/06\/15\/aproveite-melhor-os-alimentos-geleia-de-cascas-de-abacaxi\/\">Continue reading <span class=\"meta-nav\">&rarr;<\/span><\/a><\/p>\n","protected":false},"author":1,"featured_media":0,"comment_status":"open","ping_status":"open","sticky":false,"template":"","format":"standard","meta":[],"categories":[255,89,27],"tags":[140,453,145,452,454,912],"_links":{"self":[{"href":"https:\/\/www.reinaldo.pro.br\/blog\/wp-json\/wp\/v2\/posts\/343"}],"collection":[{"href":"https:\/\/www.reinaldo.pro.br\/blog\/wp-json\/wp\/v2\/posts"}],"about":[{"href":"https:\/\/www.reinaldo.pro.br\/blog\/wp-json\/wp\/v2\/types\/post"}],"author":[{"embeddable":true,"href":"https:\/\/www.reinaldo.pro.br\/blog\/wp-json\/wp\/v2\/users\/1"}],"replies":[{"embeddable":true,"href":"https:\/\/www.reinaldo.pro.br\/blog\/wp-json\/wp\/v2\/comments?post=343"}],"version-history":[{"count":0,"href":"https:\/\/www.reinaldo.pro.br\/blog\/wp-json\/wp\/v2\/posts\/343\/revisions"}],"wp:attachment":[{"href":"https:\/\/www.reinaldo.pro.br\/blog\/wp-json\/wp\/v2\/media?parent=343"}],"wp:term":[{"taxonomy":"category","embeddable":true,"href":"https:\/\/www.reinaldo.pro.br\/blog\/wp-json\/wp\/v2\/categories?post=343"},{"taxonomy":"post_tag","embeddable":true,"href":"https:\/\/www.reinaldo.pro.br\/blog\/wp-json\/wp\/v2\/tags?post=343"}],"curies":[{"name":"wp","href":"https:\/\/api.w.org\/{rel}","templated":true}]}}