
{"id":356,"date":"2008-06-25T20:12:05","date_gmt":"2008-06-25T23:12:05","guid":{"rendered":"http:\/\/reinaldo.pro.br\/blog\/?p=356"},"modified":"2008-06-25T20:12:05","modified_gmt":"2008-06-25T23:12:05","slug":"e-ae-azeitona-e-legume-fruta-ou-verdura","status":"publish","type":"post","link":"https:\/\/www.reinaldo.pro.br\/blog\/2008\/06\/25\/e-ae-azeitona-e-legume-fruta-ou-verdura\/","title":{"rendered":"E a\u00ea?! Azeitona \u00e9 legume, fruta ou verdura?!"},"content":{"rendered":"<h4>E agora?! <em>Que caro\u00e7o hein&#8230; \ud83d\ude15<\/em><\/h4>\n<p style=\"text-align: center;\"><img style=\"border: 0pt none ;\" src=\"http:\/\/farm3.static.flickr.com\/2005\/1501562898_79eefe463f.jpg\" border=\"0\" alt=\"Azeitonas da disc\u00f3rdia...\" \/><br \/>\n<small><a title=\"Attribution-NonCommercial License\" href=\"http:\/\/creativecommons.org\/licenses\/by-nc\/2.0\/\" target=\"_blank\"><img loading=\"lazy\" src=\"http:\/\/reinaldo.pro.br\/blog\/wp-content\/plugins\/photo_dropper\/images\/cc.png\" border=\"0\" alt=\"Creative Commons License\" width=\"16\" height=\"16\" align=\"absmiddle\" \/><\/a> <a href=\"http:\/\/www.photodropper.com\/photos\/\" target=\"_blank\">photo<\/a> credit: <a title=\"Gr\u00e1!\" href=\"http:\/\/www.flickr.com\/photos\/10332482@N05\/1501562898\/\" target=\"_blank\">Gr\u00e1!<\/a><\/small><\/p>\n<p>Esta \u00e9 mais uma pergunta que me aparece na hora do almo\u00e7o: ao saborear algumas azeitonas na salada surge a d\u00favida cruel&#8230; A azeitona \u00e9 uma verdura, uma fruta ou um legume? Bom o tomate eu sei que \u00e9 uma fruta&#8230; mas essa da azeitona se ca\u00edsse no vestibular ia me pegar&#8230; \ud83d\ude42<\/p>\n<p>Recorrendo ao <a title=\"Esse sabe tudo!\" href=\"http:\/\/www.google.com\" target=\"_blank\">avan\u00e7os tecnol\u00f3gicos<\/a> descobri na Wikipedia o seguinte a  respeito da del\u00edcia verdinha:<\/p>\n<blockquote><p>[&#8230;] A azeitona \u00e9 o <strong>fruto <\/strong>das oliveiras (<em>Olea europea<\/em>), \u00e1rvore predominantemente mediterr\u00e2nica e que pode chegar at\u00e9 aos mil anos de longevidade. [&#8230;]<\/p><\/blockquote>\n<p style=\"text-align: center;\"><img src=\"http:\/\/farm2.static.flickr.com\/1123\/1412645635_40ae30c026.jpg\" border=\"0\" alt=\"Azeitonas da variedade Ma\u00e7anilha Algarvia \/| Olives (Olea europaea)\" \/><br \/>\n<small><a title=\"Attribution-NonCommercial-NoDerivs License\" href=\"http:\/\/creativecommons.org\/licenses\/by-nc-nd\/2.0\/\" target=\"_blank\"><img loading=\"lazy\" src=\"http:\/\/reinaldo.pro.br\/blog\/wp-content\/plugins\/photo_dropper\/images\/cc.png\" border=\"0\" alt=\"Creative Commons License\" width=\"16\" height=\"16\" align=\"absmiddle\" \/><\/a> <a href=\"http:\/\/www.photodropper.com\/photos\/\" target=\"_blank\">photo<\/a> credit: <a title=\"ValterJacinto\" href=\"http:\/\/www.flickr.com\/photos\/58213213@N00\/1412645635\/\" target=\"_blank\">ValterJacinto<\/a><\/small><\/p>\n<p>Conforme o <em>site <\/em>&#8220;Bem Feitinho&#8221; a respeito da azeitona pode-se destacar:<\/p>\n<blockquote><p>[&#8230;] Cerca de 20% de sua composi\u00e7\u00e3o \u00e9 azeite de oliva, repleto de bom colesterol (HDL) que mant\u00e9m sua circula\u00e7\u00e3o sang\u00fc\u00ednea longe de obst\u00e1culos. Apesar de ser muito ben\u00e9fica, a azeitona \u00e9 composta tamb\u00e9m por gordura, o que a torna muito cal\u00f3rica. Por isso, o melhor \u00e9 belisc\u00e1-la como aperitivo e experimentar acrescent\u00e1-la aos pratos de carnes, massas e saladas. [&#8230;]<\/p><\/blockquote>\n<h4>Valor nutricional<\/h4>\n<p>Cada 100 gramas de azeitonas verdes em conserva cont\u00e9m:<\/p>\n<ul>\n<li>Calorias &#8211; 140kcal<\/li>\n<li>Prote\u00ednas &#8211; 1,5g<\/li>\n<li>Gorduras &#8211; 10g<\/li>\n<li>Vitamina A &#8211; 250 U.l.<\/li>\n<li>Vitamina B1 (Tiamina) &#8211; 10 mcg<\/li>\n<li>Vitamina B2 (Riboflavina) &#8211; 15 mcg<\/li>\n<li>Vitamina C (\u00c1cido asc\u00f3rbico) &#8211; 6 mg<\/li>\n<li>Pot\u00e1ssio &#8211; 1530 mg<\/li>\n<li>S\u00f3dio &#8211; 130 mg<\/li>\n<li>C\u00e1lcio &#8211; 100 mg<\/li>\n<li>F\u00f3sforo &#8211; 15 mg<\/li>\n<li>Sil\u00edcio &#8211; 6 mg<\/li>\n<li>Magn\u00e9sio &#8211; 5 mg<\/li>\n<li>Cloro &#8211; 4 mg<\/li>\n<li>Ferro &#8211; 1 mg<\/li>\n<\/ul>\n<h4>E o Azeite?!<\/h4>\n<p>Vale lembrar que o <strong>azeite<\/strong> \u00e9 um produto derivado das azeitonas. Presente em praticamente todas as cozinhas (na culin\u00e1ria Portuguesa principalmente) adiciona a comida um sabor e aroma caracter\u00edsticos, al\u00e9m de trazer uma s\u00e9rie de benef\u00edcios para a sa\u00fade.<\/p>\n<p>Veja um v\u00eddeo do Globo Rural a respeito das azeitonas:<\/p>\n<p style=\"text-align: center;\"><object classid=\"clsid:d27cdb6e-ae6d-11cf-96b8-444553540000\" width=\"480\" height=\"392\" codebase=\"http:\/\/download.macromedia.com\/pub\/shockwave\/cabs\/flash\/swflash.cab#version=6,0,40,0\"><param name=\"quality\" value=\"high\" \/><param name=\"FlashVars\" value=\"midiaId=838061&amp;autoStart=false&amp;width=480&amp;height=392\" \/><param name=\"src\" value=\"http:\/\/video.globo.com\/Portal\/videos\/cda\/player\/player.swf\" \/><embed type=\"application\/x-shockwave-flash\" width=\"480\" height=\"392\" src=\"http:\/\/video.globo.com\/Portal\/videos\/cda\/player\/player.swf\" flashvars=\"midiaId=838061&amp;autoStart=false&amp;width=480&amp;height=392\" quality=\"high\"><\/embed><\/object><\/p>\n<h5>Fontes:<br \/>\nWikipedia: &#8220;<a title=\"Leia o artigo completo!\" href=\"http:\/\/pt.wikipedia.org\/wiki\/Azeitona\" target=\"_self\">Azeitona<\/a>&#8221;<br \/>\nSite &#8220;Bem Feitinho&#8221;: &#8220;<a title=\"Leia o artigo completo!\" href=\"http:\/\/tvtem.globo.com\/culinaria\/receita.asp?EditoriaID=8&amp;codigo=3584\" target=\"_blank\">Azeitona<\/a>&#8220;<\/h5><\/p>\n","protected":false},"excerpt":{"rendered":"<p>E agora?! Que caro\u00e7o hein&#8230; \ud83d\ude15 photo credit: Gr\u00e1! Esta \u00e9 mais uma pergunta que me aparece na hora do almo\u00e7o: ao saborear algumas azeitonas na salada surge a d\u00favida cruel&#8230; A azeitona \u00e9 uma verdura, uma fruta ou um &hellip; <a href=\"https:\/\/www.reinaldo.pro.br\/blog\/2008\/06\/25\/e-ae-azeitona-e-legume-fruta-ou-verdura\/\">Continue reading <span class=\"meta-nav\">&rarr;<\/span><\/a><\/p>\n","protected":false},"author":1,"featured_media":0,"comment_status":"open","ping_status":"open","sticky":false,"template":"","format":"standard","meta":[],"categories":[9,51,53],"tags":[140,480,963,904,926,912],"_links":{"self":[{"href":"https:\/\/www.reinaldo.pro.br\/blog\/wp-json\/wp\/v2\/posts\/356"}],"collection":[{"href":"https:\/\/www.reinaldo.pro.br\/blog\/wp-json\/wp\/v2\/posts"}],"about":[{"href":"https:\/\/www.reinaldo.pro.br\/blog\/wp-json\/wp\/v2\/types\/post"}],"author":[{"embeddable":true,"href":"https:\/\/www.reinaldo.pro.br\/blog\/wp-json\/wp\/v2\/users\/1"}],"replies":[{"embeddable":true,"href":"https:\/\/www.reinaldo.pro.br\/blog\/wp-json\/wp\/v2\/comments?post=356"}],"version-history":[{"count":0,"href":"https:\/\/www.reinaldo.pro.br\/blog\/wp-json\/wp\/v2\/posts\/356\/revisions"}],"wp:attachment":[{"href":"https:\/\/www.reinaldo.pro.br\/blog\/wp-json\/wp\/v2\/media?parent=356"}],"wp:term":[{"taxonomy":"category","embeddable":true,"href":"https:\/\/www.reinaldo.pro.br\/blog\/wp-json\/wp\/v2\/categories?post=356"},{"taxonomy":"post_tag","embeddable":true,"href":"https:\/\/www.reinaldo.pro.br\/blog\/wp-json\/wp\/v2\/tags?post=356"}],"curies":[{"name":"wp","href":"https:\/\/api.w.org\/{rel}","templated":true}]}}