
{"id":48,"date":"2007-04-03T19:12:57","date_gmt":"2007-04-03T22:12:57","guid":{"rendered":"http:\/\/reinaldo.pro.br\/blog\/2007\/04\/03\/sera-o-tal-do-marketing\/"},"modified":"2008-03-30T20:58:21","modified_gmt":"2008-03-30T23:58:21","slug":"sera-o-tal-do-marketing","status":"publish","type":"post","link":"https:\/\/www.reinaldo.pro.br\/blog\/2007\/04\/03\/sera-o-tal-do-marketing\/","title":{"rendered":"Ser\u00e1 o tal do marketing?"},"content":{"rendered":"<p><!--adsense#RetGrande_336x280_Curiosidade--><\/p>\n<p>Estava dando uma olhada na Folha Online, quando algo me chamou a aten\u00e7\u00e3o. Veja voc\u00ea mesmo na imagem abaixo:<\/p>\n<p style=\"TEXT-ALIGN: center\"><img loading=\"lazy\" src=\"http:\/\/i237.photobucket.com\/albums\/ff84\/reinaldoy\/folha-sp-urso.jpg\" style=\"BORDER-RIGHT: rgb(0,0,0) 1px solid; BORDER-TOP: rgb(0,0,0) 1px solid; DISPLAY: inline; BORDER-LEFT: rgb(0,0,0) 1px solid; WIDTH: 281px; BORDER-BOTTOM: rgb(0,0,0) 1px solid; HEIGHT: 188px\" width=\"281\" height=\"188\"\/><\/p>\n<p>Repare que ao lado da not\u00edcia &#8220;<a href=\"http:\/\/www1.folha.uol.com.br\/folha\/cotidiano\/ult95u133672.shtml\">crise no ar: Governo rejeita negociar crise do setor a\u00e9reo sob press\u00e3o<\/a>&#8221; aparece a foto de um urso (desconfio que seja aquele mesmo urso que foi <strong>jurado de morte pelos ambientalistas<\/strong> na semana passada, se n\u00e3o me falha a mem\u00f3ria&#8230;). Ent\u00e3o fica a pergunta ser\u00e1 que foi erro da reda\u00e7\u00e3o da Folha? Ou ser\u00e1 uma &#8220;jogada&#8221; de <em>marketing<\/em>, dessas estrat\u00e9gias secretas que s\u00f3 quem manja de publicidade e coisas do gen\u00earo? Digo isso porque n\u00e3o \u00e9 a primeira vez que noto isso&#8230; vou come\u00e7ar a ficar mais atento e ir capturando as imagens para postar aqui&#8230; Ah! E se algu\u00e9m souber de algo a respeito me informe, por favor&#8230; \ud83d\ude42<\/p>\n<p><\/p>\n<p><\/p>\n","protected":false},"excerpt":{"rendered":"<p>Estava dando uma olhada na Folha Online, quando algo me chamou a aten\u00e7\u00e3o. Veja voc\u00ea mesmo na imagem abaixo: Repare que ao lado da not\u00edcia &#8220;crise no ar: Governo rejeita negociar crise do setor a\u00e9reo sob press\u00e3o&#8221; aparece a foto &hellip; <a href=\"https:\/\/www.reinaldo.pro.br\/blog\/2007\/04\/03\/sera-o-tal-do-marketing\/\">Continue reading <span class=\"meta-nav\">&rarr;<\/span><\/a><\/p>\n","protected":false},"author":1,"featured_media":0,"comment_status":"open","ping_status":"open","sticky":false,"template":"","format":"standard","meta":[],"categories":[9,6],"tags":[],"_links":{"self":[{"href":"https:\/\/www.reinaldo.pro.br\/blog\/wp-json\/wp\/v2\/posts\/48"}],"collection":[{"href":"https:\/\/www.reinaldo.pro.br\/blog\/wp-json\/wp\/v2\/posts"}],"about":[{"href":"https:\/\/www.reinaldo.pro.br\/blog\/wp-json\/wp\/v2\/types\/post"}],"author":[{"embeddable":true,"href":"https:\/\/www.reinaldo.pro.br\/blog\/wp-json\/wp\/v2\/users\/1"}],"replies":[{"embeddable":true,"href":"https:\/\/www.reinaldo.pro.br\/blog\/wp-json\/wp\/v2\/comments?post=48"}],"version-history":[{"count":0,"href":"https:\/\/www.reinaldo.pro.br\/blog\/wp-json\/wp\/v2\/posts\/48\/revisions"}],"wp:attachment":[{"href":"https:\/\/www.reinaldo.pro.br\/blog\/wp-json\/wp\/v2\/media?parent=48"}],"wp:term":[{"taxonomy":"category","embeddable":true,"href":"https:\/\/www.reinaldo.pro.br\/blog\/wp-json\/wp\/v2\/categories?post=48"},{"taxonomy":"post_tag","embeddable":true,"href":"https:\/\/www.reinaldo.pro.br\/blog\/wp-json\/wp\/v2\/tags?post=48"}],"curies":[{"name":"wp","href":"https:\/\/api.w.org\/{rel}","templated":true}]}}