
{"id":570,"date":"2008-08-15T22:02:23","date_gmt":"2008-08-16T01:02:23","guid":{"rendered":"http:\/\/reinaldo.pro.br\/blog\/?p=570"},"modified":"2008-08-15T22:03:48","modified_gmt":"2008-08-16T01:03:48","slug":"eclipse-lunar-nao-perca","status":"publish","type":"post","link":"https:\/\/www.reinaldo.pro.br\/blog\/2008\/08\/15\/eclipse-lunar-nao-perca\/","title":{"rendered":"Eclipse lunar, n\u00e3o perca!"},"content":{"rendered":"<h4>Legal! \ud83d\ude06<\/h4>\n<p style=\"text-align: center;\"><img src=\"http:\/\/farm3.static.flickr.com\/2065\/2279441457_af5ed513da.jpg\" border=\"0\" alt=\"moonset\" \/><br \/>\n<small><a title=\"Attribution-NonCommercial-ShareAlike License\" href=\"http:\/\/creativecommons.org\/licenses\/by-nc-sa\/2.0\/\" target=\"_blank\"><img loading=\"lazy\" src=\"http:\/\/reinaldo.pro.br\/blog\/wp-content\/plugins\/photo-dropper\/images\/cc.png\" border=\"0\" alt=\"Creative Commons License\" width=\"16\" height=\"16\" align=\"absmiddle\" \/><\/a> <a href=\"http:\/\/www.photodropper.com\/photos\/\" target=\"_blank\">photo<\/a> credit: <a title=\"ecstaticist\" href=\"http:\/\/www.flickr.com\/photos\/41864721@N00\/2279441457\/\" target=\"_blank\">ecstaticist<\/a><\/small><\/p>\n<p>Se existe algo que sempre fascina e desperta a curiosidade das pessoas sem d\u00favida nenhuma \u00e9 um <strong>eclipse <\/strong>e amanh\u00e3 acontecer\u00e1 o <strong>\u00faltimo eclipse lunar de 2008<\/strong>. Segundo o Di\u00e1rio Catarinense:<\/p>\n<blockquote><p>[&#8230;] Telesc\u00f3pios ser\u00e3o disponibilizados em Santa Catarina para a observa\u00e7\u00e3o do segundo e \u00faltimo eclipse lunar de 2008, neste s\u00e1bado. O eclipse tamb\u00e9m poder\u00e1 ser visto a olho nu, e ter\u00e1 dura\u00e7\u00e3o de aproximadamente 5 horas e 30 minutos. Em Florian\u00f3polis, poder\u00e1 ser observado das 17h49min \u00e0s 20h56min.<\/p>\n<p>No campus da Universidade Federal de Santa Catarina (UFSC), em Florian\u00f3polis, o Grupo de Estudos Astron\u00f4micos (GEA) vai colocar quatro telesc\u00f3pios entre o planet\u00e1rio e o observat\u00f3rio, a partir das 17h30min. No local tamb\u00e9m haver\u00e1 uma palestra com Adolfo Stotz Neto, presidente do GEA. Em caso de tempo nublado ou chuvoso, o evento ser\u00e1 cancelado. [&#8230;]<\/p><\/blockquote>\n<p><strong>E voc\u00ea sabe o que \u00e9 um eclipse lunar?<\/strong> A Wikipedia responde:<\/p>\n<blockquote><p>[&#8230;] Um eclipse lunar \u00e9 um fen\u00f4meno celeste que ocorre quando a Lua penetra totalmente ou parcialmente o cone de sombra projetado pela Terra, em geral sendo vis\u00edvel a olho n\u00fa. Isto ocorre sempre que o Sol, a Terra e a Lua se encontram pr\u00f3ximos ou em perfeito alinhamento, estando a Terra no meio destes outros dois corpos. [&#8230;]<\/p><\/blockquote>\n<div style=\"width: 260px\" class=\"wp-caption aligncenter\"><img loading=\"lazy\" title=\"Imagem do Eclipse Lunar\" src=\"http:\/\/upload.wikimedia.org\/wikipedia\/commons\/thumb\/a\/a4\/Moon_eclipse.gif\/250px-Moon_eclipse.gif\" alt=\"Anima\u00e7\u00e3o mostrando todas as fases de um eclipse lunar.\" width=\"250\" height=\"250\" \/><p class=\"wp-caption-text\">Anima\u00e7\u00e3o mostrando todas as fases de um eclipse lunar.<\/p><\/div>\n<p><strong>\u2753 E ser\u00e1 que o tempo vai ajudar?<\/strong> Para poder ver o eclipse seria bom que o tempo colaborasse, s\u00f3 que aqui em Floripa a previs\u00e3o do tempo n\u00e3o \u00e9 muito legal n\u00e3o&#8230; mas vamos torcer para que o tempo \ud83d\ude42 melhore.<\/p>\n<p>\ud83d\udca1 Veja a previs\u00e3o do <a title=\"Previs\u00e3o do Tempo para Floripa...\" href=\"http:\/\/www.climatempo.com.br\/previsao.php?CODCIDADE=377\" target=\"_blank\">tempo para Florian\u00f3polis aqui<\/a>!<\/p>\n<p>\u27a1 <strong>N\u00e3o esque\u00e7a!<\/strong> Aqui em Florian\u00f3polis, o eclipse poder\u00e1 ser observado das 17h49min \u00e0s 20h56min. \ud83d\ude09<\/p>\n<h5>Fontes:<br \/>\nDi\u00e1rio Catarinense: &#8220;<a title=\"Telesc\u00f3pios estar\u00e3o \u00e0 disposi\u00e7\u00e3o do p\u00fablico de SC para observar eclipse deste s\u00e1bado\" href=\"http:\/\/www.clicrbs.com.br\/diariocatarinense\/jsp\/default.jsp?uf=1&amp;local=1&amp;newsID=a2121955.xml\" target=\"_blank\">Telesc\u00f3pios estar\u00e3o \u00e0 disposi\u00e7\u00e3o do p\u00fablico de SC para observar eclipse deste s\u00e1bado<\/a>&#8221;<br \/>\nWikipedia: &#8220;<a title=\"Eclipse Lunar\" href=\"http:\/\/pt.wikipedia.org\/wiki\/Eclipse_lunar\" target=\"_blank\">Eclipse Lunar<\/a>&#8220;<\/h5><\/p>\n","protected":false},"excerpt":{"rendered":"<p>Legal! \ud83d\ude06<br \/>\nSe existe algo que sempre fascina e desperta a curiosidade das pessoas sem d\u00favida nenhuma \u00e9 um eclipse e amanh\u00e3 acontecer\u00e1&#8230; <a href=\"https:\/\/www.reinaldo.pro.br\/blog\/2008\/08\/15\/eclipse-lunar-nao-perca\/\">Continue reading <span class=\"meta-nav\">&rarr;<\/span><\/a><\/p>\n","protected":false},"author":1,"featured_media":0,"comment_status":"open","ping_status":"open","sticky":false,"template":"","format":"standard","meta":[],"categories":[9],"tags":[553,552,557,555,558,554,556],"_links":{"self":[{"href":"https:\/\/www.reinaldo.pro.br\/blog\/wp-json\/wp\/v2\/posts\/570"}],"collection":[{"href":"https:\/\/www.reinaldo.pro.br\/blog\/wp-json\/wp\/v2\/posts"}],"about":[{"href":"https:\/\/www.reinaldo.pro.br\/blog\/wp-json\/wp\/v2\/types\/post"}],"author":[{"embeddable":true,"href":"https:\/\/www.reinaldo.pro.br\/blog\/wp-json\/wp\/v2\/users\/1"}],"replies":[{"embeddable":true,"href":"https:\/\/www.reinaldo.pro.br\/blog\/wp-json\/wp\/v2\/comments?post=570"}],"version-history":[{"count":0,"href":"https:\/\/www.reinaldo.pro.br\/blog\/wp-json\/wp\/v2\/posts\/570\/revisions"}],"wp:attachment":[{"href":"https:\/\/www.reinaldo.pro.br\/blog\/wp-json\/wp\/v2\/media?parent=570"}],"wp:term":[{"taxonomy":"category","embeddable":true,"href":"https:\/\/www.reinaldo.pro.br\/blog\/wp-json\/wp\/v2\/categories?post=570"},{"taxonomy":"post_tag","embeddable":true,"href":"https:\/\/www.reinaldo.pro.br\/blog\/wp-json\/wp\/v2\/tags?post=570"}],"curies":[{"name":"wp","href":"https:\/\/api.w.org\/{rel}","templated":true}]}}