
{"id":639,"date":"2008-09-10T18:53:41","date_gmt":"2008-09-10T21:53:41","guid":{"rendered":"http:\/\/reinaldo.pro.br\/blog\/?p=639"},"modified":"2008-09-10T18:53:41","modified_gmt":"2008-09-10T21:53:41","slug":"como-descobrir-quando-comeca-e-termina-o-horario-de-verao-no-brasil","status":"publish","type":"post","link":"https:\/\/www.reinaldo.pro.br\/blog\/2008\/09\/10\/como-descobrir-quando-comeca-e-termina-o-horario-de-verao-no-brasil\/","title":{"rendered":"Como descobrir quando come\u00e7a e termina o hor\u00e1rio de ver\u00e3o no Brasil&#8230;"},"content":{"rendered":"<h4>Voc\u00ea sabe quando come\u00e7a o hor\u00e1rio de ver\u00e3o? \ud83d\ude15<\/h4>\n<p style=\"text-align: center;\"><img src=\"http:\/\/farm2.static.flickr.com\/1070\/1032525361_ca7c9e404d.jpg\" border=\"0\" alt=\"*Time* Ticking away...\" \/><br \/>\n<small><a title=\"Attribution License\" href=\"http:\/\/creativecommons.org\/licenses\/by\/2.0\/\" target=\"_blank\"><img loading=\"lazy\" src=\"http:\/\/reinaldo.pro.br\/blog\/wp-content\/plugins\/photo-dropper\/images\/cc.png\" border=\"0\" alt=\"Creative Commons License\" width=\"16\" height=\"16\" align=\"absmiddle\" \/><\/a> <a href=\"http:\/\/www.photodropper.com\/photos\/\" target=\"_blank\">photo<\/a> credit: <a title=\"Michel Filion (aka Mike9Alive)\" href=\"http:\/\/www.flickr.com\/photos\/15734079@N00\/1032525361\/\" target=\"_blank\">Michel Filion (aka Mike9Alive)<\/a><\/small><\/p>\n<p>Amado por uns e odiado por outros,  a partir deste ano poderemos saber com mais precis\u00e3o quando come\u00e7a e quando termina o <strong>&#8216;hor\u00e1rio de ver\u00e3o&#8217;<\/strong> sem ter que aguardar o governo se pronunciar a respeito da data certa.<\/p>\n<p>Segundo a Ag\u00eancia Brasil:<\/p>\n<blockquote><p>[&#8230;] O presidente Luiz In\u00e1cio Lula da Silva assinou decreto em que institui datas fixas para o in\u00edcio e o fim do hor\u00e1rio de ver\u00e3o, quando parte da popula\u00e7\u00e3o do pa\u00eds adianta o rel\u00f3gio em uma hora.<\/p>\n<p>De acordo com o Decreto 6.558, o hor\u00e1rio de ver\u00e3o come\u00e7ar\u00e1 a partir de zero hora do terceiro domingo de outubro de cada ano at\u00e9 zero hora do terceiro domingo de fevereiro do ano seguinte.<\/p>\n<p>Se a data final do hor\u00e1rio de ver\u00e3o coincidir com o domingo de carnaval, o prazo final ser\u00e1 estendido para o domingo seguinte, conforme o decreto publicado hoje (9) no Di\u00e1rio Oficial da Uni\u00e3o.<\/p>\n<p>O hor\u00e1rio valer\u00e1 para o Rio Grande do Sul, Santa Catarina, Paran\u00e1, S\u00e3o Paulo, Rio de Janeiro, Esp\u00edrito Santo, Minas Gerais, Goi\u00e1s, Mato Grosso, Mato Grosso do Sul e Distrito Federal. [&#8230;]<\/p><\/blockquote>\n<p>Agora ficou simples \u00e9 s\u00f3 pegar a regra e rapidamente descobrimos as pr\u00f3ximas datas de in\u00edcio e fim do hor\u00e1rio de ver\u00e3o:<\/p>\n<p><strong>Para saber a data de in\u00edcio:<\/strong> A partir da zero hora do terceiro domingo de outubro.<\/p>\n<p><strong>Para saber a data de fim:<\/strong> A partir da zero hora do terceiro domingo de fevereiro do ano seguinte. Por\u00e9m se a data coincidir com o carnaval a data fica para o pr\u00f3ximo domingo ap\u00f3s o carnaval.<\/p>\n<p><strong>Ah t\u00e1&#8230;! Entendi, mas e este ano? Quando come\u00e7a e quando termina?! <img src=\"https:\/\/www.reinaldo.pro.br\/blog\/wp-includes\/images\/smilies\/mrgreen.png\" alt=\":mrgreen:\" class=\"wp-smiley\" style=\"height: 1em; max-height: 1em;\" \/><\/strong> Para quem est\u00e1 com pregui\u00e7a de olhar no calend\u00e1rio o hor\u00e1rio de ver\u00e3o de 2008\/09 come\u00e7a dia 19 de outubro e vai at\u00e9 dia 15 de fevereiro de 2009. \ud83d\ude09<\/p>\n<h5>Fonte:<br \/>\nAg\u00eancia Brasil: &#8220;<a title=\"Lula assina decreto instituindo datas fixas para in\u00edcio e fim do hor\u00e1rio de ver\u00e3o\" href=\"http:\/\/www.agenciabrasil.gov.br\/noticias\/2008\/09\/09\/materia.2008-09-09.3143437170\/view\" target=\"_blank\">Lula assina decreto instituindo datas fixas para in\u00edcio e fim do hor\u00e1rio de ver\u00e3o<\/a>&#8220;<\/h5>\n<p><a href=\"http:\/\/www.agenciabrasil.gov.br\/noticias\/2008\/09\/09\/materia.2008-09-09.3143437170\/view\"><br \/>\n<\/a><\/p>\n","protected":false},"excerpt":{"rendered":"<p>Voc\u00ea sabe quando come\u00e7a o hor\u00e1rio de ver\u00e3o? \ud83d\ude15<\/p>\n<p>Amado por uns e odiado por outros,  a partir deste ano poderemos saber com mais precis\u00e3o quando come\u00e7a e quando termina o &#8216;hor\u00e1rio de ver\u00e3o&#8217; sem&#8230; <a href=\"https:\/\/www.reinaldo.pro.br\/blog\/2008\/09\/10\/como-descobrir-quando-comeca-e-termina-o-horario-de-verao-no-brasil\/\">Continue reading <span class=\"meta-nav\">&rarr;<\/span><\/a><\/p>\n","protected":false},"author":1,"featured_media":0,"comment_status":"open","ping_status":"open","sticky":false,"template":"","format":"standard","meta":[],"categories":[36,9],"tags":[69,70,107],"_links":{"self":[{"href":"https:\/\/www.reinaldo.pro.br\/blog\/wp-json\/wp\/v2\/posts\/639"}],"collection":[{"href":"https:\/\/www.reinaldo.pro.br\/blog\/wp-json\/wp\/v2\/posts"}],"about":[{"href":"https:\/\/www.reinaldo.pro.br\/blog\/wp-json\/wp\/v2\/types\/post"}],"author":[{"embeddable":true,"href":"https:\/\/www.reinaldo.pro.br\/blog\/wp-json\/wp\/v2\/users\/1"}],"replies":[{"embeddable":true,"href":"https:\/\/www.reinaldo.pro.br\/blog\/wp-json\/wp\/v2\/comments?post=639"}],"version-history":[{"count":0,"href":"https:\/\/www.reinaldo.pro.br\/blog\/wp-json\/wp\/v2\/posts\/639\/revisions"}],"wp:attachment":[{"href":"https:\/\/www.reinaldo.pro.br\/blog\/wp-json\/wp\/v2\/media?parent=639"}],"wp:term":[{"taxonomy":"category","embeddable":true,"href":"https:\/\/www.reinaldo.pro.br\/blog\/wp-json\/wp\/v2\/categories?post=639"},{"taxonomy":"post_tag","embeddable":true,"href":"https:\/\/www.reinaldo.pro.br\/blog\/wp-json\/wp\/v2\/tags?post=639"}],"curies":[{"name":"wp","href":"https:\/\/api.w.org\/{rel}","templated":true}]}}