
{"id":71,"date":"2007-04-09T10:55:13","date_gmt":"2007-04-09T13:55:13","guid":{"rendered":"http:\/\/reinaldo.pro.br\/blog\/2007\/04\/10\/aprenda-a-programar-em-dez-anos\/"},"modified":"2008-03-30T20:53:29","modified_gmt":"2008-03-30T23:53:29","slug":"aprenda-a-programar-em-dez-anos","status":"publish","type":"post","link":"https:\/\/www.reinaldo.pro.br\/blog\/2007\/04\/09\/aprenda-a-programar-em-dez-anos\/","title":{"rendered":"Aprenda a programar em dez anos."},"content":{"rendered":"<p><!--adsense#RetGrande_336x280_Educacao--><\/p>\n<p style=\"TEXT-ALIGN: center\"><a href=\"http:\/\/reinaldo.pro.br\/blog\/wp-content\/uploads\/2007\/04\/escada5.jpg\" rel=\"lightbox\" title=\"escada.jpg\"\/><img loading=\"lazy\" src=\"http:\/\/i237.photobucket.com\/albums\/ff84\/reinaldoy\/escada.jpg\" style=\"BORDER-RIGHT: rgb(0,0,0) 1px solid; BORDER-TOP: rgb(0,0,0) 1px solid; DISPLAY: inline; BORDER-LEFT: rgb(0,0,0) 1px solid; WIDTH: 162px; BORDER-BOTTOM: rgb(0,0,0) 1px solid; HEIGHT: 240px\" title=\"Escada para o saber!\" height=\"240\" width=\"162\" alt=\"Escada para o saber!\"\/><\/p>\n<p>Para os interessados em seguir carreira em programa\u00e7\u00e3o de computadores&#8230; \ud83d\ude42 li um texto muito interessante l\u00e1 no <a href=\"http:\/\/www.guj.com.br\/posts\/list\/56633.java\">f\u00f3rum java do GUJ<\/a> .<\/p>\n<p>Para quem quiser ler mais, rolou <a href=\"http:\/\/www.guj.com.br\/posts\/list\/54936.java\">uma discuss\u00e3o interessante sobre o assunto no GUJ<\/a>. Fonte original do texto: <a href=\"http:\/\/pihisall.wordpress.com\/2007\/03\/15\/aprenda-a-programar-em-dez-anos\">Aprenda a programar em dez anos<\/a><\/p>\n","protected":false},"excerpt":{"rendered":"<p>Para os interessados em seguir carreira em programa\u00e7\u00e3o de computadores&#8230; \ud83d\ude42 li um texto muito interessante l\u00e1 no f\u00f3rum java do GUJ . Para quem quiser ler mais, rolou uma discuss\u00e3o interessante sobre o assunto no GUJ. Fonte original do &hellip; <a href=\"https:\/\/www.reinaldo.pro.br\/blog\/2007\/04\/09\/aprenda-a-programar-em-dez-anos\/\">Continue reading <span class=\"meta-nav\">&rarr;<\/span><\/a><\/p>\n","protected":false},"author":1,"featured_media":0,"comment_status":"open","ping_status":"open","sticky":false,"template":"","format":"standard","meta":[],"categories":[13,22,10],"tags":[],"_links":{"self":[{"href":"https:\/\/www.reinaldo.pro.br\/blog\/wp-json\/wp\/v2\/posts\/71"}],"collection":[{"href":"https:\/\/www.reinaldo.pro.br\/blog\/wp-json\/wp\/v2\/posts"}],"about":[{"href":"https:\/\/www.reinaldo.pro.br\/blog\/wp-json\/wp\/v2\/types\/post"}],"author":[{"embeddable":true,"href":"https:\/\/www.reinaldo.pro.br\/blog\/wp-json\/wp\/v2\/users\/1"}],"replies":[{"embeddable":true,"href":"https:\/\/www.reinaldo.pro.br\/blog\/wp-json\/wp\/v2\/comments?post=71"}],"version-history":[{"count":0,"href":"https:\/\/www.reinaldo.pro.br\/blog\/wp-json\/wp\/v2\/posts\/71\/revisions"}],"wp:attachment":[{"href":"https:\/\/www.reinaldo.pro.br\/blog\/wp-json\/wp\/v2\/media?parent=71"}],"wp:term":[{"taxonomy":"category","embeddable":true,"href":"https:\/\/www.reinaldo.pro.br\/blog\/wp-json\/wp\/v2\/categories?post=71"},{"taxonomy":"post_tag","embeddable":true,"href":"https:\/\/www.reinaldo.pro.br\/blog\/wp-json\/wp\/v2\/tags?post=71"}],"curies":[{"name":"wp","href":"https:\/\/api.w.org\/{rel}","templated":true}]}}