
{"id":77,"date":"2007-04-11T17:40:43","date_gmt":"2007-04-11T20:40:43","guid":{"rendered":"http:\/\/reinaldo.pro.br\/blog\/2007\/04\/11\/produtos-made-in-lua-2\/"},"modified":"2008-03-30T20:46:17","modified_gmt":"2008-03-30T23:46:17","slug":"produtos-made-in-lua","status":"publish","type":"post","link":"https:\/\/www.reinaldo.pro.br\/blog\/2007\/04\/11\/produtos-made-in-lua\/","title":{"rendered":"Produtos &#8220;Made in Lua&#8221;&#8230;"},"content":{"rendered":"<p><!--adsense#RetGrande_336x280_Curiosidade--><\/p>\n<p><span style=\"FONT-SIZE: 1.2em\"><strong>Essa \u00e9 boa! \ud83d\ude42<\/strong><\/span><\/p>\n<p>Aquecimento global, problemas com o meio ambiente, falta de comb\u00fastiveis, fim dos recursos naturais da Terra nada disso para o desenvolvimento das novas tecnologias. Logo, logo vamos ter produtos fabricados na Lua, veja s\u00f3 o que os russos est\u00e3o aprontando:<\/p>\n<blockquote>\n<p><\/p>\n<h4>Russos querem industrializa\u00e7\u00e3o da Lua<\/h4>\n<h5>Novo sistema de transporte espacial pode levar ao desenvolvimento industrial do sat\u00e9lite.<br \/>Para R\u00fassia, isso \u00e9 necess\u00e1rio porque recursos da Terra est\u00e3o acabando.<\/h5>\n<p><a href=\"http:\/\/i237.photobucket.com\/albums\/ff84\/reinaldoy\/lua-tn.jpg\" rel=\"lightbox\" title=\"lua.jpg\"><img loading=\"lazy\" src=\"http:\/\/i237.photobucket.com\/albums\/ff84\/reinaldoy\/lua-tn.jpg\" style=\"BORDER-RIGHT: rgb(0,0,0) 2px solid; BORDER-TOP: rgb(0,0,0) 2px solid; DISPLAY: inline; FLOAT: right; MARGIN-LEFT: 15px; BORDER-LEFT: rgb(0,0,0) 2px solid; WIDTH: 200px; MARGIN-RIGHT: 0px; BORDER-BOTTOM: rgb(0,0,0) 2px solid; HEIGHT: 150px\" name=\"urn:zoundry:jid:lua.jpg\" title=\"lua.jpg\" height=\"150\" width=\"200\" alt=\"lua.jpg\" border=\"0\" id=\"urn:zoundry:jid:lua.jpg\"\/><\/a>A R\u00fassia est\u00e1 trabalhando em um sistema de transporte espacial que pode futuramente levar \u00e0 industrializa\u00e7\u00e3o da lua, informou um especialista em espa\u00e7o. Trinta e oito anos depois que os Estados Unidos colocaram o primeiro homem na lua, a R\u00fassia pode alcan\u00e7\u00e1-la usando foguetes Soyuz, disse o chefe da companhia espacial russa RKK Energia, Nikolai Sevastianov, ao jornal Vedomosti.<\/p>\n<\/blockquote>\n<p><strong>J\u00e1 estou at\u00e9 imaginando as etiquetas &#8220;<em>Made in Moon<\/em>&#8220;&#8230; \ud83d\ude42<\/strong><\/p>\n<p>Fonte: <a href=\"http:\/\/g1.globo.com\/Noticias\/Ciencia\/0,,MUL20519-5603,00.html\" title=\"G1 - Russos querem industrializa\u00e7\u00e3o da Lua.\">G1 &#8211; Russos querem industrializa\u00e7\u00e3o da Lua.<\/a><\/p>\n<p><\/p>\n","protected":false},"excerpt":{"rendered":"<p>Essa \u00e9 boa! \ud83d\ude42 Aquecimento global, problemas com o meio ambiente, falta de comb\u00fastiveis, fim dos recursos naturais da Terra nada disso para o desenvolvimento das novas tecnologias. Logo, logo vamos ter produtos fabricados na Lua, veja s\u00f3 o que &hellip; <a href=\"https:\/\/www.reinaldo.pro.br\/blog\/2007\/04\/11\/produtos-made-in-lua\/\">Continue reading <span class=\"meta-nav\">&rarr;<\/span><\/a><\/p>\n","protected":false},"author":1,"featured_media":0,"comment_status":"open","ping_status":"open","sticky":false,"template":"","format":"standard","meta":[],"categories":[10],"tags":[20],"_links":{"self":[{"href":"https:\/\/www.reinaldo.pro.br\/blog\/wp-json\/wp\/v2\/posts\/77"}],"collection":[{"href":"https:\/\/www.reinaldo.pro.br\/blog\/wp-json\/wp\/v2\/posts"}],"about":[{"href":"https:\/\/www.reinaldo.pro.br\/blog\/wp-json\/wp\/v2\/types\/post"}],"author":[{"embeddable":true,"href":"https:\/\/www.reinaldo.pro.br\/blog\/wp-json\/wp\/v2\/users\/1"}],"replies":[{"embeddable":true,"href":"https:\/\/www.reinaldo.pro.br\/blog\/wp-json\/wp\/v2\/comments?post=77"}],"version-history":[{"count":0,"href":"https:\/\/www.reinaldo.pro.br\/blog\/wp-json\/wp\/v2\/posts\/77\/revisions"}],"wp:attachment":[{"href":"https:\/\/www.reinaldo.pro.br\/blog\/wp-json\/wp\/v2\/media?parent=77"}],"wp:term":[{"taxonomy":"category","embeddable":true,"href":"https:\/\/www.reinaldo.pro.br\/blog\/wp-json\/wp\/v2\/categories?post=77"},{"taxonomy":"post_tag","embeddable":true,"href":"https:\/\/www.reinaldo.pro.br\/blog\/wp-json\/wp\/v2\/tags?post=77"}],"curies":[{"name":"wp","href":"https:\/\/api.w.org\/{rel}","templated":true}]}}