
{"id":81,"date":"2007-04-12T13:13:23","date_gmt":"2007-04-12T16:13:23","guid":{"rendered":"http:\/\/reinaldo.pro.br\/blog\/2007\/04\/12\/voce-sabe-o-que-e-inclusao-digital-2\/"},"modified":"2008-03-22T17:48:45","modified_gmt":"2008-03-22T20:48:45","slug":"voce-sabe-o-que-e-inclusao-digital","status":"publish","type":"post","link":"https:\/\/www.reinaldo.pro.br\/blog\/2007\/04\/12\/voce-sabe-o-que-e-inclusao-digital\/","title":{"rendered":"Voc\u00ea sabe o que \u00e9 &#8220;Inclus\u00e3o Digital&#8221;?"},"content":{"rendered":"<p><!--adsense#RetGrande_336x280_Tecnologia--><\/p>\n<p>Segundo o site <a href=\"http:\/\/cursos.cdtc.org.br\">http:\/\/cursos.cdtc.org.br<\/a> &#8220;O termo &#8220;Inclus\u00e3o Digital&#8221; diz respeito ao acesso \u00e0 informa\u00e7\u00e3o digitalizada e aos produtos e servi\u00e7os com interface digital para o maior n\u00famero e variedade poss\u00edvel de pessoas. Esse acesso deve, na medida do poss\u00edvel, ser em iguais condi\u00e7\u00f5es.&#8221;<\/p>\n<p><img loading=\"lazy\" src=\"http:\/\/reinaldo.pro.br\/blog\/inclusao_digital_tn.jpg\" style=\"BORDER-RIGHT: rgb(0,0,0) 2px solid; BORDER-TOP: rgb(0,0,0) 2px solid; MARGIN-TOP: 15px; DISPLAY: inline; FLOAT: left; MARGIN-BOTTOM: 10px; BORDER-LEFT: rgb(0,0,0) 2px solid; WIDTH: 152px; MARGIN-RIGHT: 15px; BORDER-BOTTOM: rgb(0,0,0) 2px solid; HEIGHT: 200px\" name=\"urn:zoundry:jid:inclusao_digital.jpg\" title=\"Acesso a informa\u00e7\u00e3o para todos.\" height=\"200\" width=\"152\" alt=\"Acesso a informa\u00e7\u00e3o para todos.\" id=\"urn:zoundry:jid:inclusao_digital.jpg\"\/>Ou seja: acesso \u00e0 infra-estrutura da tecnologia da informa\u00e7\u00e3o (computadores, redes, Internet, <em>softwares<\/em>, etc&#8230;) para todos com o objetivo de melhorar a vida do cidad\u00e3o, pela busca do conhecimento e do aperfei\u00e7oamento profissional e pessoal. Algo que as vezes muitas iniciativas de &#8220;Inclus\u00e3o Digital&#8221; esquecem \u00e9 que n\u00e3o basta somente &#8220;computadores e acesso \u00e0 Internet&#8221; para se fazer a real inclus\u00e3o digital&#8230; \u00e9 necess\u00e1rio tamb\u00e9m investir em m\u00e3o-de-obra especializada para isso: <strong>gente<\/strong> <strong>qualificada<\/strong> para orientar as pessoas a terem acesso e como utilizar a seu favor este novo mundo de informa\u00e7\u00f5es. Em resumo a palavra chave da solu\u00e7\u00e3o para todos (ou quase todos) os problemas do mundo: <strong>Educa\u00e7\u00e3o<\/strong>. \ud83d\ude42<\/p>\n<p>O site do <a href=\"http:\/\/comunidade.cdtc.org.br\/\" target=\"_blank\" title=\"Centro de Difus\u00e3o de Tecnologia e Conhecimento\">Centro de Difus\u00e3o de Tecnologia e Conhecimento<\/a>(CDTC) oferece alguns cursos gratu\u00edtos em algumas \u00e1reas da inform\u00e1tica. Vale a pena conferir e ampliar seus conhecimentos&#8230;<\/p>\n<p><\/p>\n<p class=\"zoundry_bw_tags\">\n  <!-- Tag links generated by Zoundry Blog Writer. Do not manually edit. http:\/\/www.zoundry.com --><br \/>\n  <span class=\"ztags\"><\/span><span class=\"ztagspace\">Technorati<\/span> : <a href=\"http:\/\/technorati.com\/tag\/acesso\" class=\"ztag\" rel=\"tag\">acesso<\/a>, <a href=\"http:\/\/technorati.com\/tag\/educa%C3%A7%C3%A3o\" class=\"ztag\" rel=\"tag\">educa\u00e7\u00e3o<\/a>, <a href=\"http:\/\/technorati.com\/tag\/inclusao%20digital\" class=\"ztag\" rel=\"tag\">inclusao digital<\/a>, <a href=\"http:\/\/technorati.com\/tag\/tecnologia\" class=\"ztag\" rel=\"tag\">tecnologia<\/a><\/p>\n","protected":false},"excerpt":{"rendered":"<p>Segundo o site http:\/\/cursos.cdtc.org.br &#8220;O termo &#8220;Inclus\u00e3o Digital&#8221; diz respeito ao acesso \u00e0 informa\u00e7\u00e3o digitalizada e aos produtos e servi\u00e7os com interface digital para o maior n\u00famero e variedade poss\u00edvel de pessoas. Esse acesso deve, na medida do poss\u00edvel, ser &hellip; <a href=\"https:\/\/www.reinaldo.pro.br\/blog\/2007\/04\/12\/voce-sabe-o-que-e-inclusao-digital\/\">Continue reading <span class=\"meta-nav\">&rarr;<\/span><\/a><\/p>\n","protected":false},"author":1,"featured_media":0,"comment_status":"open","ping_status":"open","sticky":false,"template":"","format":"standard","meta":[],"categories":[89,97],"tags":[937,942],"_links":{"self":[{"href":"https:\/\/www.reinaldo.pro.br\/blog\/wp-json\/wp\/v2\/posts\/81"}],"collection":[{"href":"https:\/\/www.reinaldo.pro.br\/blog\/wp-json\/wp\/v2\/posts"}],"about":[{"href":"https:\/\/www.reinaldo.pro.br\/blog\/wp-json\/wp\/v2\/types\/post"}],"author":[{"embeddable":true,"href":"https:\/\/www.reinaldo.pro.br\/blog\/wp-json\/wp\/v2\/users\/1"}],"replies":[{"embeddable":true,"href":"https:\/\/www.reinaldo.pro.br\/blog\/wp-json\/wp\/v2\/comments?post=81"}],"version-history":[{"count":0,"href":"https:\/\/www.reinaldo.pro.br\/blog\/wp-json\/wp\/v2\/posts\/81\/revisions"}],"wp:attachment":[{"href":"https:\/\/www.reinaldo.pro.br\/blog\/wp-json\/wp\/v2\/media?parent=81"}],"wp:term":[{"taxonomy":"category","embeddable":true,"href":"https:\/\/www.reinaldo.pro.br\/blog\/wp-json\/wp\/v2\/categories?post=81"},{"taxonomy":"post_tag","embeddable":true,"href":"https:\/\/www.reinaldo.pro.br\/blog\/wp-json\/wp\/v2\/tags?post=81"}],"curies":[{"name":"wp","href":"https:\/\/api.w.org\/{rel}","templated":true}]}}