
{"id":931,"date":"2008-12-12T23:47:20","date_gmt":"2008-12-13T01:47:20","guid":{"rendered":"http:\/\/reinaldo.pro.br\/blog\/?p=931"},"modified":"2008-12-12T23:47:20","modified_gmt":"2008-12-13T01:47:20","slug":"desafio-21-dias-2008-02-analise-sua-usabilidade","status":"publish","type":"post","link":"https:\/\/www.reinaldo.pro.br\/blog\/2008\/12\/12\/desafio-21-dias-2008-02-analise-sua-usabilidade\/","title":{"rendered":"Desafio 21 Dias 2008 #02 &#8211; Analise Sua Usabilidade."},"content":{"rendered":"<h4>Usabilidade na cabe\u00e7a!<\/h4>\n<p style=\"text-align: center;\"><img src=\"http:\/\/farm1.static.flickr.com\/28\/42397643_b124641ca6.jpg\" border=\"0\" alt=\"Usability\" \/><br \/>\n<small><a title=\"Attribution License\" href=\"http:\/\/creativecommons.org\/licenses\/by\/2.0\/\" target=\"_blank\"><img loading=\"lazy\" src=\"http:\/\/reinaldo.pro.br\/blog\/wp-content\/plugins\/photo-dropper\/images\/cc.png\" border=\"0\" alt=\"Creative Commons License\" width=\"16\" height=\"16\" align=\"absmiddle\" \/><\/a> <a href=\"http:\/\/www.photodropper.com\/photos\/\" target=\"_blank\">photo<\/a> credit: <a title=\"SantaRosa OLD SKOOL\" href=\"http:\/\/www.flickr.com\/photos\/93087247@N00\/42397643\/\" target=\"_blank\">SantaRosa OLD SKOOL<\/a><\/small><\/p>\n<p>Continuando o &#8220;<a href=\"http:\/\/blosque.com\/desafio-21-dias-edicao-2008\" target=\"_blank\">Desafio 21 Dias 2008<\/a>&#8221; que comentei por <a href=\"http:\/\/reinaldo.pro.br\/blog\/2008\/12\/12\/desafio-21-dias-2008-01-faca-uma-faxina-no-seu-blog\/\" target=\"_blank\">aqui<\/a>, a etapa de hoje \u00e9 <a title=\"Analise Sua Usabilidade\" href=\"http:\/\/blosque.com\/2008\/11\/desafio-21-dias-2008-analise-sua-usabilidade.html\" target=\"_blank\">cuidar da usabilidade do meu <\/a><em><a title=\"Analise Sua Usabilidade\" href=\"http:\/\/blosque.com\/2008\/11\/desafio-21-dias-2008-analise-sua-usabilidade.html\" target=\"_blank\">blog<\/a>.<\/em>.. para quem n\u00e3o sabe o que \u00e9 usabilidade, vale citar as palavras da Nospheratt sobre o assunto:<\/p>\n<blockquote><p><strong>&#8220;Usabilidade <\/strong>(neste caso) \u00e9 o termo usado para definir a facilidade e simplicidade com que as pessoas podem navegar no seu <em>blog<\/em> e acessar o seu conte\u00fado.&#8221;<\/p><\/blockquote>\n<p><strong>Ent\u00e3o a id\u00e9ia do desafio \u00e9 responder as seguintes quest\u00f5es:<\/strong><\/p>\n<ol>\n<li>Quem chega no seu <em>blog<\/em> tem acesso \u00e0 uma boa parte do seu conte\u00fado?<\/li>\n<li>O visitante pode encontrar facilmente outros <em>posts<\/em>, al\u00e9m dos que est\u00e3o na <em>home<\/em> &#8211; ou v\u00ea apenas os <em>posts<\/em> da <em>home<\/em> e <em>links<\/em> para as categorias e os arquivos?<\/li>\n<li>Consegue encontrar rapidamente o que procura, caso isso n\u00e3o esteja na p\u00e1gina onde a pessoa chegou?<\/li>\n<\/ol>\n<p>\ud83d\udca1 Gostaria de contar com a opini\u00e3o de quem passa por aqui, portanto se algu\u00e9m quiser dar a sua opini\u00e3o sobre as 3 quest\u00f5es, fique a vontade! \ud83d\ude09<\/p>\n<p><strong>Mas e a sua resposta Reinaldo?<\/strong> Ah! Sim&#8230; claro meu palpite tamb\u00e9m conta para completar o desafio&#8230; tentando observar meu <em>blog <\/em>mais atentamente, devo confessar que existem alguns pontos que posso (e devo) melhorar entre eles:<\/p>\n<ul>\n<li><strong>A fonte do texto principal:<\/strong> Talvez aumentar um pouco o tamanho e mudar a cor para um tom mais escuro; \ud83d\ude15<\/li>\n<li><strong>\u00c1rea para os <em>posts<\/em> mais lidos:<\/strong> Uma \u00e1rea de destaque com os <em>posts<\/em> campe\u00f5es de audi\u00eancia por aqui seria bem interessante;<\/li>\n<li><strong>Meio mais f\u00e1cil de navega\u00e7\u00e3o:<\/strong> <strong>Ah! Isso eu j\u00e1 fiz!<\/strong> Coloquei um <em>plugin<\/em>, o (Page-Navi) para facilitar a navega\u00e7\u00e3o entre as p\u00e1ginas do <em>blog<\/em>.<\/li>\n<li><strong>Uma caixa de pesquisa:<\/strong> \ud83d\ude42 Isso tamb\u00e9m coloquei recentemente e numa \u00e1rea que considero de f\u00e1cil acesso.<\/li>\n<\/ul>\n<p><strong>Imagem da caixa de pesquisa.<\/strong><\/p>\n<div style=\"width: 262px\" class=\"wp-caption aligncenter\"><img loading=\"lazy\" title=\"Imagem da caixa de pesquisa.\" src=\"http:\/\/i237.photobucket.com\/albums\/ff84\/reinaldoy\/caixa_pesquisa.jpg\" alt=\"Imagem da caixa de pesquisa.\" width=\"252\" height=\"164\" \/><p class=\"wp-caption-text\">Caixa de pesquisa.<\/p><\/div>\n<p><strong>Imagem do <em>plugin<\/em> de navega\u00e7\u00e3o.<\/strong><\/p>\n<div style=\"width: 366px\" class=\"wp-caption aligncenter\"><img loading=\"lazy\" title=\"Plugin Page-Navi\" src=\"http:\/\/i237.photobucket.com\/albums\/ff84\/reinaldoy\/page-navi.jpg\" alt=\"Plugin Page-Navi\" width=\"356\" height=\"111\" \/><p class=\"wp-caption-text\">Plugin Page-Navi<\/p><\/div>\n<p><strong>O que mais?!<\/strong> Hummm&#8230; enfim, acho que por enquanto \u00e9 s\u00f3&#8230; \ud83d\ude09<\/p>\n<p><strong>At\u00e9 mais&#8230;<\/strong><\/p>\n","protected":false},"excerpt":{"rendered":"<p>Usabilidade na cabe\u00e7a!<\/p>\n<p>Continuando o &#8220;Desafio 21 Dias 2008&#8221; que comentei por aqui, a etapa de hoje \u00e9 cuidar da usabilidade do meu blog&#8230; para quem n\u00e3o sabe o que \u00e9 usabilidade, vale citar as palavras da Nospheratt sobre o assunto&#8230; <a href=\"https:\/\/www.reinaldo.pro.br\/blog\/2008\/12\/12\/desafio-21-dias-2008-02-analise-sua-usabilidade\/\">Continue reading <span class=\"meta-nav\">&rarr;<\/span><\/a><\/p>\n","protected":false},"author":1,"featured_media":0,"comment_status":"open","ping_status":"open","sticky":false,"template":"","format":"standard","meta":[],"categories":[149],"tags":[674,651,677,675,605,653,664,676,248],"_links":{"self":[{"href":"https:\/\/www.reinaldo.pro.br\/blog\/wp-json\/wp\/v2\/posts\/931"}],"collection":[{"href":"https:\/\/www.reinaldo.pro.br\/blog\/wp-json\/wp\/v2\/posts"}],"about":[{"href":"https:\/\/www.reinaldo.pro.br\/blog\/wp-json\/wp\/v2\/types\/post"}],"author":[{"embeddable":true,"href":"https:\/\/www.reinaldo.pro.br\/blog\/wp-json\/wp\/v2\/users\/1"}],"replies":[{"embeddable":true,"href":"https:\/\/www.reinaldo.pro.br\/blog\/wp-json\/wp\/v2\/comments?post=931"}],"version-history":[{"count":0,"href":"https:\/\/www.reinaldo.pro.br\/blog\/wp-json\/wp\/v2\/posts\/931\/revisions"}],"wp:attachment":[{"href":"https:\/\/www.reinaldo.pro.br\/blog\/wp-json\/wp\/v2\/media?parent=931"}],"wp:term":[{"taxonomy":"category","embeddable":true,"href":"https:\/\/www.reinaldo.pro.br\/blog\/wp-json\/wp\/v2\/categories?post=931"},{"taxonomy":"post_tag","embeddable":true,"href":"https:\/\/www.reinaldo.pro.br\/blog\/wp-json\/wp\/v2\/tags?post=931"}],"curies":[{"name":"wp","href":"https:\/\/api.w.org\/{rel}","templated":true}]}}