
{"id":961,"date":"2008-12-14T02:37:15","date_gmt":"2008-12-14T04:37:15","guid":{"rendered":"http:\/\/reinaldo.pro.br\/blog\/?p=961"},"modified":"2008-12-13T22:38:10","modified_gmt":"2008-12-14T00:38:10","slug":"desafio-21-dias-2008-06-objetivos-2009","status":"publish","type":"post","link":"https:\/\/www.reinaldo.pro.br\/blog\/2008\/12\/14\/desafio-21-dias-2008-06-objetivos-2009\/","title":{"rendered":"Desafio 21 Dias 2008 #06 &#8211; Objetivos 2009."},"content":{"rendered":"<h4>Em 2009&#8230;<\/h4>\n<p style=\"text-align: center;\"><img src=\"http:\/\/farm1.static.flickr.com\/68\/221416101_034213bfdc.jpg\" border=\"0\" alt=\"diary\" \/><br \/>\n<small><a title=\"Attribution-NonCommercial-NoDerivs License\" href=\"http:\/\/creativecommons.org\/licenses\/by-nc-nd\/2.0\/\" target=\"_blank\"><img loading=\"lazy\" src=\"http:\/\/reinaldo.pro.br\/blog\/wp-content\/plugins\/photo-dropper\/images\/cc.png\" border=\"0\" alt=\"Creative Commons License\" width=\"16\" height=\"16\" align=\"absmiddle\" \/><\/a> <a href=\"http:\/\/www.photodropper.com\/photos\/\" target=\"_blank\">photo<\/a> credit: <a title=\"offshore\" href=\"http:\/\/www.flickr.com\/photos\/65691836@N00\/221416101\/\" target=\"_blank\">offshore<\/a><\/small><\/p>\n<p>O <a style=\"cursor: pointer;\" title=\"Desafio 21 Dias - Edi\u00e7\u00e3o 2008\" href=\"http:\/\/blosque.com\/desafio-21-dias-edicao-2008\">&#8220;Desafio 21 Dias &#8211; Edi\u00e7\u00e3o 2008&#8221;<\/a> continua, depois de &#8220;fechar para balan\u00e7o&#8221; agora \u00e9 a vez de <a title=\"Desafio 21 Dias 2008 - Objetivos 2009\" href=\"http:\/\/blosque.com\/2008\/12\/desafio-21-dias-2008-objetivos-2009.html\" target=\"_blank\">falar dos objetivos deste <em>blog<\/em> para 2009<\/a>. Segundo a Nospheratt, a id\u00e9ia da tarefa a fazer \u00e9:<\/p>\n<blockquote><p>[&#8230;] Liste <strong style=\"color: #800000;\">5 metas para 2009<\/strong> e decida que passos voc\u00ea vai dar para atingir essas metas. Guarde a lista para fazer uma revis\u00e3o mensal, e ir acompanhado seu progresso durante 2009. [&#8230;]<\/p><\/blockquote>\n<p><strong>Ent\u00e3o vamos l\u00e1:<\/strong><\/p>\n<ol>\n<li><strong>Escrever mais <em>posts<\/em><\/strong> &#8211; Isso quer dizer escrever com mais regularidade;<\/li>\n<li><strong>Melhorar a forma de escrever<\/strong> &#8211; Um dos motivos que me levaram a criar um <strong><em>blog<\/em><\/strong>, era a possibilidade de poder melhorar a minha forma de escrever, pois sempre tive alguma dificuldade em passar para palavras e frases os meus pensamentos;<\/li>\n<li><strong>Comentar mais na blogosfera<\/strong> &#8211; Eu costumo ler muitos <em>blogs<\/em>, mas nem sempre costumo participar dos debates, ent\u00e3o aumentar minha participa\u00e7\u00e3o seria uma boa meta para 2009;<\/li>\n<li><strong>Aprender mais com a blogosfera e participar mais dela<\/strong> &#8211; Ainda existe muita coisa para eu aprender neste mundo t\u00e3o interativo. E gostaria de sair um pouco do mundo virtual e ir para o real, quem sabe participando dos muitos encontros que aconteceram em 2008, como os <a title=\"Quando os blogs brasileiros se encontram...\" href=\"http:\/\/blogcamp.com.br\/\" target=\"_blank\">blogcamps<\/a> ;<\/li>\n<li><strong>Colocar em pr\u00e1tica as minhas id\u00e9ias<\/strong> &#8211; Como disse no <em>post<\/em> anterior tive algumas id\u00e9ias e pouco tempo para desenvolve-las, portanto em 2009, espero conseguir realizar no m\u00ednimo duas delas.<\/li>\n<\/ol>\n<p><strong>E est\u00e1 ai! Mais um desafio feito! \ud83d\ude09<\/strong><\/p>\n","protected":false},"excerpt":{"rendered":"<p>Em 2009&#8230;<\/p>\n<p>O &#8220;Desafio 21 Dias &#8211; Edi\u00e7\u00e3o 2008&#8221; continua, depois de &#8220;fechar para balan\u00e7o&#8221; agora \u00e9 a vez de falar dos objetivos deste blog para 2009. Segundo a Nospheratt, a id\u00e9ia da tarefa a fazer \u00e9&#8230; <a href=\"https:\/\/www.reinaldo.pro.br\/blog\/2008\/12\/14\/desafio-21-dias-2008-06-objetivos-2009\/\">Continue reading <span class=\"meta-nav\">&rarr;<\/span><\/a><\/p>\n","protected":false},"author":1,"featured_media":0,"comment_status":"open","ping_status":"open","sticky":false,"template":"","format":"standard","meta":[],"categories":[149],"tags":[673,671,651,652,653,672],"_links":{"self":[{"href":"https:\/\/www.reinaldo.pro.br\/blog\/wp-json\/wp\/v2\/posts\/961"}],"collection":[{"href":"https:\/\/www.reinaldo.pro.br\/blog\/wp-json\/wp\/v2\/posts"}],"about":[{"href":"https:\/\/www.reinaldo.pro.br\/blog\/wp-json\/wp\/v2\/types\/post"}],"author":[{"embeddable":true,"href":"https:\/\/www.reinaldo.pro.br\/blog\/wp-json\/wp\/v2\/users\/1"}],"replies":[{"embeddable":true,"href":"https:\/\/www.reinaldo.pro.br\/blog\/wp-json\/wp\/v2\/comments?post=961"}],"version-history":[{"count":0,"href":"https:\/\/www.reinaldo.pro.br\/blog\/wp-json\/wp\/v2\/posts\/961\/revisions"}],"wp:attachment":[{"href":"https:\/\/www.reinaldo.pro.br\/blog\/wp-json\/wp\/v2\/media?parent=961"}],"wp:term":[{"taxonomy":"category","embeddable":true,"href":"https:\/\/www.reinaldo.pro.br\/blog\/wp-json\/wp\/v2\/categories?post=961"},{"taxonomy":"post_tag","embeddable":true,"href":"https:\/\/www.reinaldo.pro.br\/blog\/wp-json\/wp\/v2\/tags?post=961"}],"curies":[{"name":"wp","href":"https:\/\/api.w.org\/{rel}","templated":true}]}}