
{"id":987,"date":"2008-12-14T09:41:14","date_gmt":"2008-12-14T11:41:14","guid":{"rendered":"http:\/\/reinaldo.pro.br\/blog\/?p=987"},"modified":"2008-12-16T22:12:01","modified_gmt":"2008-12-17T00:12:01","slug":"desafio-21-dias-2008-09-sobre-voce","status":"publish","type":"post","link":"https:\/\/www.reinaldo.pro.br\/blog\/2008\/12\/14\/desafio-21-dias-2008-09-sobre-voce\/","title":{"rendered":"Desafio 21 Dias 2008 #09 &#8211; Sobre Voc\u00ea."},"content":{"rendered":"<h4>Sobre o autor&#8230;<\/h4>\n<p style=\"text-align: center;\"><img src=\"http:\/\/farm1.static.flickr.com\/63\/155699074_0669b6d449.jpg\" border=\"0\" alt=\"_ Who, what, where, when, why _\" \/><br \/>\n<small><a title=\"Attribution-NonCommercial-NoDerivs License\" href=\"http:\/\/creativecommons.org\/licenses\/by-nc-nd\/2.0\/\" target=\"_blank\"><img loading=\"lazy\" src=\"http:\/\/reinaldo.pro.br\/blog\/wp-content\/plugins\/photo-dropper\/images\/cc.png\" border=\"0\" alt=\"Creative Commons License\" width=\"16\" height=\"16\" align=\"absmiddle\" \/><\/a> <a href=\"http:\/\/www.photodropper.com\/photos\/\" target=\"_blank\">photo<\/a> credit: <a title=\"NuageDeNuit\" href=\"http:\/\/www.flickr.com\/photos\/86615649@N00\/155699074\/\" target=\"_blank\">NuageDeNuit<\/a><\/small><\/p>\n<p><span class=\"Apple-style-span\" style=\"border-collapse: collapse; font-size: 13px; font-style: normal; font-variant: normal; font-weight: normal; letter-spacing: normal; line-height: normal; orphans: 2; text-indent: 0px; text-transform: none; white-space: normal; widows: 2; word-spacing: 0px; font-family: arial; color: #000000;\">Este <em>post<\/em> \u00e9 s\u00f3 para lembrar que a tarefa do<span class=\"Apple-converted-space\"> <\/span><a style=\"color: #2244bb;\" title=\"Desafio 21 Dias - Edi\u00e7\u00e3o 2008\" href=\"http:\/\/blosque.com\/2008\/11\/desafio-21-dias-edicao-2008-inscricoes-abertas.html\" target=\"_blank\">Desafio 21 Dias &#8211; Edi\u00e7\u00e3o 2008<\/a><span style=\"color: #2244bb;\">, <\/span><\/span><span class=\"Apple-style-span\" style=\"border-collapse: collapse; font-size: 13px; font-style: normal; font-variant: normal; font-weight: normal; letter-spacing: normal; line-height: normal; orphans: 2; text-indent: 0px; text-transform: none; white-space: normal; widows: 2; word-spacing: 0px; font-family: arial; color: #000000;\">que era <a title=\"Desafio 21 Dias 2008 - Sobre Voc\u00ea\" href=\"http:\/\/blosque.com\/2008\/12\/desafio-21-dias-2008-sobre-voce.html\" target=\"_blank\">criar ou atualizar a p\u00e1gina &#8220;About&#8221;ou &#8220;Sobre&#8221; do blog<\/a> foi realizada! \ud83d\ude09<\/span><\/p>\n<p>Se quiser conferir \u00e9 s\u00f3 ir at\u00e9 o <a title=\"Sobre\" href=\"http:\/\/reinaldo.pro.br\/blog\/sobre\/\" target=\"_blank\"><em>link<\/em> &#8220;Sobre&#8221; no topo do blog<\/a>.<\/p>\n","protected":false},"excerpt":{"rendered":"<p>Sobre o autor&#8230;<\/p>\n<p>Este post \u00e9 s\u00f3 para lembrar que a tarefa do Desafio 21 Dias &#8211; Edi\u00e7\u00e3o 2008, que era criar ou atualizar a p\u00e1gina &#8220;About&#8221;ou &#8220;Sobre&#8221; do blog foi realizada! \ud83d\ude09 <a href=\"https:\/\/www.reinaldo.pro.br\/blog\/2008\/12\/14\/desafio-21-dias-2008-09-sobre-voce\/\">Continue reading <span class=\"meta-nav\">&rarr;<\/span><\/a><\/p>\n","protected":false},"author":1,"featured_media":0,"comment_status":"open","ping_status":"open","sticky":false,"template":"","format":"standard","meta":[],"categories":[149],"tags":[651,652,653,681,680],"_links":{"self":[{"href":"https:\/\/www.reinaldo.pro.br\/blog\/wp-json\/wp\/v2\/posts\/987"}],"collection":[{"href":"https:\/\/www.reinaldo.pro.br\/blog\/wp-json\/wp\/v2\/posts"}],"about":[{"href":"https:\/\/www.reinaldo.pro.br\/blog\/wp-json\/wp\/v2\/types\/post"}],"author":[{"embeddable":true,"href":"https:\/\/www.reinaldo.pro.br\/blog\/wp-json\/wp\/v2\/users\/1"}],"replies":[{"embeddable":true,"href":"https:\/\/www.reinaldo.pro.br\/blog\/wp-json\/wp\/v2\/comments?post=987"}],"version-history":[{"count":0,"href":"https:\/\/www.reinaldo.pro.br\/blog\/wp-json\/wp\/v2\/posts\/987\/revisions"}],"wp:attachment":[{"href":"https:\/\/www.reinaldo.pro.br\/blog\/wp-json\/wp\/v2\/media?parent=987"}],"wp:term":[{"taxonomy":"category","embeddable":true,"href":"https:\/\/www.reinaldo.pro.br\/blog\/wp-json\/wp\/v2\/categories?post=987"},{"taxonomy":"post_tag","embeddable":true,"href":"https:\/\/www.reinaldo.pro.br\/blog\/wp-json\/wp\/v2\/tags?post=987"}],"curies":[{"name":"wp","href":"https:\/\/api.w.org\/{rel}","templated":true}]}}